{"id":29557,"date":"2025-11-25T11:29:34","date_gmt":"2025-11-25T11:29:34","guid":{"rendered":"https:\/\/gleg.ie\/?p=29557"},"modified":"2025-11-25T11:30:41","modified_gmt":"2025-11-25T11:30:41","slug":"maidin-chaife-na-nollag","status":"publish","type":"post","link":"https:\/\/gleg.ie\/gaeilge\/maidin-chaife-na-nollag\/","title":{"rendered":"Maidin Chaife na Nollag"},"content":{"rendered":"<div class=\"wp-block-columns are-vertically-aligned-center is-layout-flex wp-container-core-columns-is-layout-9d6595d7 wp-block-columns-is-layout-flex\">\n<div class=\"wp-block-column is-vertically-aligned-center is-layout-flow wp-block-column-is-layout-flow\">\n<figure class=\"wp-block-image size-large\"><img loading=\"lazy\" decoding=\"async\" width=\"819\" height=\"1024\" src=\"https:\/\/gleg.ie\/wp-content\/uploads\/2024\/12\/Iomha-don-Mhaidin-Chaife-le-Caruil-na-Nollag-2025-819x1024.png\" alt=\"\" class=\"wp-image-30031\"\/><\/figure>\n<\/div>\n\n\n\n<div class=\"wp-block-column is-vertically-aligned-center is-layout-flow wp-block-column-is-layout-flow\" style=\"flex-basis:60%\">\n<h2 class=\"wp-block-heading has-text-align-center\"><strong>Maidin Chaife<\/strong> <br><em>le Car\u00fail na Nollag!<\/em><\/h2>\n\n\n\n<p class=\"has-text-align-center\">B\u00edg\u00ed linn i Leabharlann Chathair na Gaillimhe ar an gC\u00e9adaoin, 3\u00fa Nollaig \u00f3 11.00am-12.00pm don Mhaidin Chaif\u00e9 le Car\u00fail na Nollag agus sol\u00e1ist\u00ed na Nollag le Majella O\u2019Meara \u00f3 Ghaillimh le Gaeilge!<sup>rd<\/sup> Ag tn\u00fath le sibh a fheice\u00e1il ann!!<strong>a <\/strong><img loading=\"lazy\" decoding=\"async\" width=\"16\" height=\"16\" src=\"https:\/\/lh7-qw.googleusercontent.com\/docsz\/AD_4nXcY-7KU-rdeCxqO9cT9D4mky6HAqE2GCNCHDfqt-S4TVMOnYh-Ogfoc9eZeFdclGBN26qgn_Ae4797OMgtt9tAzeBszopBnhWl6snrxoUuOqiBCDKcqV5bSi-Cvbe9iYZmPbxB5JVje9UXJdnQF9gehpOTPk9QiZBVRevjdOkipEz89p57iiA?key=bBsSZKuLPvHGUREhH58hdw\" alt=\"\u2615\">\ud83c\udf84\ud83c\udfb5<\/p>\n\n\n\n<p class=\"has-text-align-center\">Cuirimid f\u00e1ilte mh\u00f3r roimh fhoghlaimeoir\u00ed agus roimh dhaoine gur mhaith leo a gcuid Gaeilge a chleachtadh.  T\u00e1 an imeacht seo saor in aisce.<\/p>\n\n\n\n<p class=\"has-text-align-center\">Coinnigh s\u00fail amach ar \u00e1r me\u00e1in sh\u00f3isialta le haghaidh imeachta\u00ed.<\/p>\n\n\n\n<div class=\"wp-block-columns alignfull is-layout-flex wp-container-core-columns-is-layout-9d6595d7 wp-block-columns-is-layout-flex\">\n<div class=\"wp-block-column is-layout-flow wp-block-column-is-layout-flow\" style=\"flex-basis:100%\">\n<div class=\"wp-block-columns alignfull are-vertically-aligned-center is-layout-flex wp-container-core-columns-is-layout-9d6595d7 wp-block-columns-is-layout-flex\">\n<div class=\"wp-block-column is-vertically-aligned-center is-layout-flow wp-block-column-is-layout-flow\">\n<figure class=\"wp-block-image size-full\"><img loading=\"lazy\" decoding=\"async\" width=\"700\" height=\"300\" src=\"https:\/\/gaillimhlegaei.wpenginepowered.com\/wp-content\/uploads\/2024\/02\/GCC-logo-landscape-col-700x300-1-2.jpg\" alt=\"\" class=\"wp-image-3054\" srcset=\"https:\/\/gleg.ie\/wp-content\/uploads\/2024\/02\/GCC-logo-landscape-col-700x300-1-2.jpg 700w, https:\/\/gleg.ie\/wp-content\/uploads\/2024\/02\/GCC-logo-landscape-col-700x300-1-2-300x129.jpg 300w, https:\/\/gleg.ie\/wp-content\/uploads\/2024\/02\/GCC-logo-landscape-col-700x300-1-2-18x8.jpg 18w, https:\/\/gleg.ie\/wp-content\/uploads\/2024\/02\/GCC-logo-landscape-col-700x300-1-2-480x206.jpg 480w\" sizes=\"auto, (max-width: 700px) 100vw, 700px\" \/><\/figure>\n<\/div>\n\n\n\n<div class=\"wp-block-column is-vertically-aligned-center is-layout-flow wp-block-column-is-layout-flow\">\n<figure class=\"wp-block-gallery has-nested-images columns-default is-cropped wp-block-gallery-1 is-layout-flex wp-block-gallery-is-layout-flex\">\n<figure class=\"wp-block-image size-full\"><img loading=\"lazy\" decoding=\"async\" width=\"301\" height=\"167\" data-id=\"29115\" src=\"https:\/\/gaillimhlegaei.wpenginepowered.com\/wp-content\/uploads\/2024\/10\/image.png\" alt=\"\" class=\"wp-image-29115\" srcset=\"https:\/\/gleg.ie\/wp-content\/uploads\/2024\/10\/image.png 301w, https:\/\/gleg.ie\/wp-content\/uploads\/2024\/10\/image-18x10.png 18w\" sizes=\"auto, (max-width: 301px) 100vw, 301px\" \/><\/figure>\n<\/figure>\n<\/div>\n\n\n\n<div class=\"wp-block-column is-vertically-aligned-center is-layout-flow wp-block-column-is-layout-flow\">\n<figure class=\"wp-block-image size-full\"><img loading=\"lazy\" decoding=\"async\" width=\"709\" height=\"378\" src=\"https:\/\/gaillimhlegaei.wpenginepowered.com\/wp-content\/uploads\/2024\/10\/PTG_logo.png\" alt=\"\" class=\"wp-image-28608\" style=\"object-fit:cover\" srcset=\"https:\/\/gaillimhlegaei.wpenginepowered.com\/wp-content\/uploads\/2024\/10\/PTG_logo.png 709w, https:\/\/gaillimhlegaei.wpenginepowered.com\/wp-content\/uploads\/2024\/10\/PTG_logo-480x256.png 480w\" sizes=\"auto, (min-width: 0px) and (max-width: 480px) 480px, (min-width: 481px) 709px, 100vw\" \/><\/figure>\n<\/div>\n<\/div>\n<\/div>\n<\/div>\n<\/div>\n<\/div>\n\n\n\n<div class=\"wp-block-buttons is-content-justification-center is-layout-flex wp-container-core-buttons-is-layout-16018d1d wp-block-buttons-is-layout-flex\">\n<div class=\"wp-block-button\"><a class=\"wp-block-button__link wp-element-button\" href=\"mailto:opt@gleg.ie\">B\u00edg\u00ed linn!<\/a><\/div>\n<\/div>","protected":false},"excerpt":{"rendered":"<p>Maidin Chaife with Christmas Carols! Join us at Galway City Library on Wednesday the 3rd of December from 11.00am-12.00pm for our Maidin Chaife with Christmas Carols and festive treats with Majella O\u2019Meara \ud83c\udf84\ud83c\udfb5 We welcome learners and those who wish to practice their Irish, this event is free of charge. Keep an eye on our [&hellip;]<\/p>\n","protected":false},"author":8,"featured_media":29558,"comment_status":"open","ping_status":"open","sticky":false,"template":"","format":"standard","meta":{"_acf_changed":false,"_et_pb_use_builder":"off","_et_pb_old_content":"<!-- wp:columns {\"verticalAlignment\":\"center\"} -->\n<div class=\"wp-block-columns are-vertically-aligned-center\"><!-- wp:column {\"verticalAlignment\":\"center\",\"width\":\"60%\"} -->\n<div class=\"wp-block-column is-vertically-aligned-center\" style=\"flex-basis:60%\"><!-- wp:heading {\"textAlign\":\"center\"} -->\n<h2 class=\"wp-block-heading has-text-align-center\"><strong>Aon Sc\u00e9al<\/strong><\/h2>\n<!-- \/wp:heading -->\n\n<!-- wp:paragraph {\"align\":\"center\"} -->\n<p class=\"has-text-align-center\">Want to brush up on your Irish? Or meet other Irish speakers in the city? Well, Galway city\u2019s conversation group \u2018Aon Sc\u00e9al?\u2019 will give you the chance to do just this! You\u2019ll be more than welcome to the next get together in <strong>the Harbour Hotel from 7pm - 8pm every Wednesda<\/strong>y. Parking is available at the hotel.<\/p>\n<!-- \/wp:paragraph --><\/div>\n<!-- \/wp:column -->\n\n<!-- wp:column {\"verticalAlignment\":\"center\"} -->\n<div class=\"wp-block-column is-vertically-aligned-center\"><!-- wp:image {\"id\":28900,\"scale\":\"cover\",\"sizeSlug\":\"full\",\"linkDestination\":\"none\",\"align\":\"center\"} -->\n<figure class=\"wp-block-image aligncenter size-full\"><img src=\"https:\/\/gaillimhlegaei.wpenginepowered.com\/wp-content\/uploads\/2024\/10\/Aon-Sceal-gach-Ceadaoin-ginearalta-gan-data.png\" alt=\"\" class=\"wp-image-28900\" style=\"object-fit:cover\"\/><\/figure>\n<!-- \/wp:image --><\/div>\n<!-- \/wp:column --><\/div>\n<!-- \/wp:columns -->\n\n<!-- wp:separator {\"className\":\"is-style-wide\",\"backgroundColor\":\"cyan-bluish-gray\"} -->\n<hr class=\"wp-block-separator has-text-color has-cyan-bluish-gray-color has-alpha-channel-opacity has-cyan-bluish-gray-background-color has-background is-style-wide\"\/>\n<!-- \/wp:separator -->\n\n<!-- wp:paragraph -->\n<p><\/p>\n<!-- \/wp:paragraph -->\n\n<!-- wp:columns {\"verticalAlignment\":\"center\"} -->\n<div class=\"wp-block-columns are-vertically-aligned-center\"><!-- wp:column {\"verticalAlignment\":\"center\"} -->\n<div class=\"wp-block-column is-vertically-aligned-center\"><!-- wp:image {\"id\":28967,\"scale\":\"cover\",\"sizeSlug\":\"large\",\"linkDestination\":\"none\",\"align\":\"center\"} -->\n<figure class=\"wp-block-image aligncenter size-large\"><img src=\"https:\/\/gaillimhlegaei.wpenginepowered.com\/wp-content\/uploads\/2024\/10\/Maidin-Chaife-Ginearalta-gan-data-1024x1024.png\" alt=\"\" class=\"wp-image-28967\" style=\"object-fit:cover\"\/><\/figure>\n<!-- \/wp:image --><\/div>\n<!-- \/wp:column -->\n\n<!-- wp:column {\"verticalAlignment\":\"center\",\"width\":\"60%\"} -->\n<div class=\"wp-block-column is-vertically-aligned-center\" style=\"flex-basis:60%\"><!-- wp:heading {\"textAlign\":\"center\"} -->\n<h2 class=\"wp-block-heading has-text-align-center\"><strong>Maidin Chaife<\/strong><\/h2>\n<!-- \/wp:heading -->\n\n<!-- wp:paragraph {\"align\":\"center\"} -->\n<p class=\"has-text-align-center\">Join us in Galway City Library, St Augustine Street, Galway on the second Thursday of the month from 11.00am-12.00pm for our Maidin Chaife <img width=\"16\" height=\"16\" src=\"https:\/\/lh7-qw.googleusercontent.com\/docsz\/AD_4nXcY-7KU-rdeCxqO9cT9D4mky6HAqE2GCNCHDfqt-S4TVMOnYh-Ogfoc9eZeFdclGBN26qgn_Ae4797OMgtt9tAzeBszopBnhWl6snrxoUuOqiBCDKcqV5bSi-Cvbe9iYZmPbxB5JVje9UXJdnQF9gehpOTPk9QiZBVRevjdOkipEz89p57iiA?key=bBsSZKuLPvHGUREhH58hdw\" alt=\"\u2615\"><\/p>\n<!-- \/wp:paragraph -->\n\n<!-- wp:paragraph {\"align\":\"center\"} -->\n<p class=\"has-text-align-center\">We welcome learners and those who wish to practice their Irish.<\/p>\n<!-- \/wp:paragraph -->\n\n<!-- wp:paragraph {\"align\":\"center\"} -->\n<p class=\"has-text-align-center\">Keep an eye on our social media for the next one.<\/p>\n<!-- \/wp:paragraph -->\n\n<!-- wp:columns {\"align\":\"full\"} -->\n<div class=\"wp-block-columns alignfull\"><!-- wp:column {\"width\":\"100%\",\"layout\":{\"type\":\"default\"}} -->\n<div class=\"wp-block-column\" style=\"flex-basis:100%\"><!-- wp:columns {\"verticalAlignment\":\"center\",\"align\":\"full\"} -->\n<div class=\"wp-block-columns alignfull are-vertically-aligned-center\"><!-- wp:column {\"verticalAlignment\":\"center\"} -->\n<div class=\"wp-block-column is-vertically-aligned-center\"><!-- wp:image {\"id\":3054,\"sizeSlug\":\"full\",\"linkDestination\":\"none\"} -->\n<figure class=\"wp-block-image size-full\"><img src=\"https:\/\/gaillimhlegaei.wpenginepowered.com\/wp-content\/uploads\/2024\/02\/GCC-logo-landscape-col-700x300-1-2.jpg\" alt=\"\" class=\"wp-image-3054\"\/><\/figure>\n<!-- \/wp:image --><\/div>\n<!-- \/wp:column -->\n\n<!-- wp:column {\"verticalAlignment\":\"center\"} -->\n<div class=\"wp-block-column is-vertically-aligned-center\"><!-- wp:gallery {\"linkTo\":\"none\",\"sizeSlug\":\"full\"} -->\n<figure class=\"wp-block-gallery has-nested-images columns-default is-cropped\"><!-- wp:image {\"id\":29115,\"sizeSlug\":\"full\",\"linkDestination\":\"none\"} -->\n<figure class=\"wp-block-image size-full\"><img src=\"https:\/\/gaillimhlegaei.wpenginepowered.com\/wp-content\/uploads\/2024\/10\/image.png\" alt=\"\" class=\"wp-image-29115\"\/><\/figure>\n<!-- \/wp:image --><\/figure>\n<!-- \/wp:gallery --><\/div>\n<!-- \/wp:column -->\n\n<!-- wp:column {\"verticalAlignment\":\"center\"} -->\n<div class=\"wp-block-column is-vertically-aligned-center\"><!-- wp:image {\"id\":28608,\"scale\":\"cover\",\"sizeSlug\":\"full\",\"linkDestination\":\"none\"} -->\n<figure class=\"wp-block-image size-full\"><img src=\"https:\/\/gaillimhlegaei.wpenginepowered.com\/wp-content\/uploads\/2024\/10\/PTG_logo.png\" alt=\"\" class=\"wp-image-28608\" style=\"object-fit:cover\"\/><\/figure>\n<!-- \/wp:image --><\/div>\n<!-- \/wp:column --><\/div>\n<!-- \/wp:columns --><\/div>\n<!-- \/wp:column --><\/div>\n<!-- \/wp:columns --><\/div>\n<!-- \/wp:column --><\/div>\n<!-- \/wp:columns -->\n\n<!-- wp:separator {\"className\":\"is-style-wide\",\"backgroundColor\":\"cyan-bluish-gray\"} -->\n<hr class=\"wp-block-separator has-text-color has-cyan-bluish-gray-color has-alpha-channel-opacity has-cyan-bluish-gray-background-color has-background is-style-wide\"\/>\n<!-- \/wp:separator -->\n\n<!-- wp:paragraph -->\n<p><\/p>\n<!-- \/wp:paragraph -->\n\n<!-- wp:columns {\"verticalAlignment\":\"center\"} -->\n<div class=\"wp-block-columns are-vertically-aligned-center\"><!-- wp:column {\"verticalAlignment\":\"center\",\"width\":\"60%\"} -->\n<div class=\"wp-block-column is-vertically-aligned-center\" style=\"flex-basis:60%\"><!-- wp:heading {\"textAlign\":\"center\"} -->\n<h2 class=\"wp-block-heading has-text-align-center\"><strong>Ciorcal Comhr\u00e1 sa PorterShed<\/strong><\/h2>\n<!-- \/wp:heading -->\n\n<!-- wp:paragraph {\"align\":\"center\"} -->\n<p class=\"has-text-align-center\">Why not join our Ciorcal Comhr\u00e1 on the second Tuesday of every month at lunchtime in PorterShed a D\u00f3, 15 Market Street H91 TCX3, (the former Connacht Tribune office)&nbsp;<\/p>\n<!-- \/wp:paragraph -->\n\n<!-- wp:paragraph {\"align\":\"center\"} -->\n<p class=\"has-text-align-center\">All levels of Irish speakers are welcome to attend.<\/p>\n<!-- \/wp:paragraph -->\n\n<!-- wp:paragraph {\"align\":\"center\"} -->\n<p class=\"has-text-align-center\">RSVP chuig <a href=\"mailto:opt@gaillimhlegaei.wpenginepowered.com\">opt@gaillimhlegaei.wpenginepowered.com<\/a> \ud83d\udce9<\/p>\n<!-- \/wp:paragraph --><\/div>\n<!-- \/wp:column -->\n\n<!-- wp:column {\"verticalAlignment\":\"center\"} -->\n<div class=\"wp-block-column is-vertically-aligned-center\"><!-- wp:image {\"id\":28968,\"scale\":\"cover\",\"sizeSlug\":\"full\",\"linkDestination\":\"none\",\"align\":\"center\"} -->\n<figure class=\"wp-block-image aligncenter size-full\"><img src=\"https:\/\/gaillimhlegaei.wpenginepowered.com\/wp-content\/uploads\/2024\/10\/Ciorcal-Comhra-Ginearalta-gan-data.png\" alt=\"\" class=\"wp-image-28968\" style=\"object-fit:cover\"\/><\/figure>\n<!-- \/wp:image --><\/div>\n<!-- \/wp:column --><\/div>\n<!-- \/wp:columns -->\n\n<!-- wp:heading -->\n<h2 class=\"wp-block-heading\"><\/h2>\n<!-- \/wp:heading -->","_et_gb_content_width":"","footnotes":""},"categories":[31,47,71],"tags":[],"class_list":["post-29557","post","type-post","status-publish","format-standard","has-post-thumbnail","hentry","category-events","category-plean-teanga","category-no-descriptionarts-culture-entertainment"],"acf":[],"yoast_head":"<!-- This site is optimized with the Yoast SEO plugin v27.5 - https:\/\/yoast.com\/product\/yoast-seo-wordpress\/ -->\n<title>Maidin Chaife na Nollag - Gaillimh Le Gaeilge<\/title>\n<meta name=\"robots\" content=\"index, follow, max-snippet:-1, max-image-preview:large, max-video-preview:-1\" \/>\n<link rel=\"canonical\" href=\"https:\/\/gleg.ie\/gaeilge\/maidin-chaife-na-nollag\/\" \/>\n<meta property=\"og:locale\" content=\"ga_IE\" \/>\n<meta property=\"og:type\" content=\"article\" \/>\n<meta property=\"og:title\" content=\"Maidin Chaife na Nollag - Gaillimh Le Gaeilge\" \/>\n<meta property=\"og:description\" content=\"Maidin Chaife with Christmas Carols! Join us at Galway City Library on Wednesday the 3rd of December from 11.00am-12.00pm for our Maidin Chaife with Christmas Carols and festive treats with Majella O\u2019Meara \ud83c\udf84\ud83c\udfb5 We welcome learners and those who wish to practice their Irish, this event is free of charge. Keep an eye on our [&hellip;]\" \/>\n<meta property=\"og:url\" content=\"https:\/\/gleg.ie\/gaeilge\/maidin-chaife-na-nollag\/\" \/>\n<meta property=\"og:site_name\" content=\"Gaillimh Le Gaeilge\" \/>\n<meta property=\"article:published_time\" content=\"2025-11-25T11:29:34+00:00\" \/>\n<meta property=\"article:modified_time\" content=\"2025-11-25T11:30:41+00:00\" \/>\n<meta property=\"og:image\" content=\"https:\/\/gleg.ie\/wp-content\/uploads\/2024\/12\/12u-Nollaig.png\" \/>\n\t<meta property=\"og:image:width\" content=\"1080\" \/>\n\t<meta property=\"og:image:height\" content=\"1080\" \/>\n\t<meta property=\"og:image:type\" content=\"image\/png\" \/>\n<meta name=\"author\" content=\"Grace Conneally\" \/>\n<meta name=\"twitter:card\" content=\"summary_large_image\" \/>\n<meta name=\"twitter:label1\" content=\"Written by\" \/>\n\t<meta name=\"twitter:data1\" content=\"Grace Conneally\" \/>\n\t<meta name=\"twitter:label2\" content=\"Est. reading time\" \/>\n\t<meta name=\"twitter:data2\" content=\"2 minutes\" \/>\n<script type=\"application\/ld+json\" class=\"yoast-schema-graph\">{\"@context\":\"https:\\\/\\\/schema.org\",\"@graph\":[{\"@type\":\"Article\",\"@id\":\"https:\\\/\\\/gleg.ie\\\/maidin-chaife-na-nollag\\\/#article\",\"isPartOf\":{\"@id\":\"https:\\\/\\\/gleg.ie\\\/maidin-chaife-na-nollag\\\/\"},\"author\":{\"name\":\"Grace Conneally\",\"@id\":\"https:\\\/\\\/gleg.ie\\\/#\\\/schema\\\/person\\\/dad0fdc03c01a5a844c09626fae137df\"},\"headline\":\"Maidin Chaife na Nollag\",\"datePublished\":\"2025-11-25T11:29:34+00:00\",\"dateModified\":\"2025-11-25T11:30:41+00:00\",\"mainEntityOfPage\":{\"@id\":\"https:\\\/\\\/gleg.ie\\\/maidin-chaife-na-nollag\\\/\"},\"wordCount\":67,\"commentCount\":0,\"image\":{\"@id\":\"https:\\\/\\\/gleg.ie\\\/maidin-chaife-na-nollag\\\/#primaryimage\"},\"thumbnailUrl\":\"https:\\\/\\\/gleg.ie\\\/wp-content\\\/uploads\\\/2024\\\/12\\\/12u-Nollaig.png\",\"articleSection\":[\"Events\",\"Plean Teanga\",\"Select Arts, Culture &amp; Entertainment\"],\"inLanguage\":\"ga-IE\",\"potentialAction\":[{\"@type\":\"CommentAction\",\"name\":\"Comment\",\"target\":[\"https:\\\/\\\/gleg.ie\\\/maidin-chaife-na-nollag\\\/#respond\"]}]},{\"@type\":\"WebPage\",\"@id\":\"https:\\\/\\\/gleg.ie\\\/maidin-chaife-na-nollag\\\/\",\"url\":\"https:\\\/\\\/gleg.ie\\\/maidin-chaife-na-nollag\\\/\",\"name\":\"Maidin Chaife na Nollag - Gaillimh Le Gaeilge\",\"isPartOf\":{\"@id\":\"https:\\\/\\\/gleg.ie\\\/#website\"},\"primaryImageOfPage\":{\"@id\":\"https:\\\/\\\/gleg.ie\\\/maidin-chaife-na-nollag\\\/#primaryimage\"},\"image\":{\"@id\":\"https:\\\/\\\/gleg.ie\\\/maidin-chaife-na-nollag\\\/#primaryimage\"},\"thumbnailUrl\":\"https:\\\/\\\/gleg.ie\\\/wp-content\\\/uploads\\\/2024\\\/12\\\/12u-Nollaig.png\",\"datePublished\":\"2025-11-25T11:29:34+00:00\",\"dateModified\":\"2025-11-25T11:30:41+00:00\",\"author\":{\"@id\":\"https:\\\/\\\/gleg.ie\\\/#\\\/schema\\\/person\\\/dad0fdc03c01a5a844c09626fae137df\"},\"breadcrumb\":{\"@id\":\"https:\\\/\\\/gleg.ie\\\/maidin-chaife-na-nollag\\\/#breadcrumb\"},\"inLanguage\":\"ga-IE\",\"potentialAction\":[{\"@type\":\"ReadAction\",\"target\":[\"https:\\\/\\\/gleg.ie\\\/maidin-chaife-na-nollag\\\/\"]}]},{\"@type\":\"ImageObject\",\"inLanguage\":\"ga-IE\",\"@id\":\"https:\\\/\\\/gleg.ie\\\/maidin-chaife-na-nollag\\\/#primaryimage\",\"url\":\"https:\\\/\\\/gleg.ie\\\/wp-content\\\/uploads\\\/2024\\\/12\\\/12u-Nollaig.png\",\"contentUrl\":\"https:\\\/\\\/gleg.ie\\\/wp-content\\\/uploads\\\/2024\\\/12\\\/12u-Nollaig.png\",\"width\":1080,\"height\":1080},{\"@type\":\"BreadcrumbList\",\"@id\":\"https:\\\/\\\/gleg.ie\\\/maidin-chaife-na-nollag\\\/#breadcrumb\",\"itemListElement\":[{\"@type\":\"ListItem\",\"position\":1,\"name\":\"Home\",\"item\":\"https:\\\/\\\/gleg.ie\\\/english\\\/\"},{\"@type\":\"ListItem\",\"position\":2,\"name\":\"Maidin Chaife na Nollag\"}]},{\"@type\":\"WebSite\",\"@id\":\"https:\\\/\\\/gleg.ie\\\/#website\",\"url\":\"https:\\\/\\\/gleg.ie\\\/\",\"name\":\"Gaillimh Le Gaeilge\",\"description\":\"Gaillimh le Gaeilge, An Ghaeilge i nGaillimh, Irish language and culture in Galway, Gaeilge sa Ghn\u00f3, Irish in Business\",\"potentialAction\":[{\"@type\":\"SearchAction\",\"target\":{\"@type\":\"EntryPoint\",\"urlTemplate\":\"https:\\\/\\\/gleg.ie\\\/?s={search_term_string}\"},\"query-input\":{\"@type\":\"PropertyValueSpecification\",\"valueRequired\":true,\"valueName\":\"search_term_string\"}}],\"inLanguage\":\"ga-IE\"},{\"@type\":\"Person\",\"@id\":\"https:\\\/\\\/gleg.ie\\\/#\\\/schema\\\/person\\\/dad0fdc03c01a5a844c09626fae137df\",\"name\":\"Grace Conneally\",\"image\":{\"@type\":\"ImageObject\",\"inLanguage\":\"ga-IE\",\"@id\":\"https:\\\/\\\/secure.gravatar.com\\\/avatar\\\/feeed25692ee674f491dcf866a1ad825b805974cf2983e32bab9a62e82e3d27f?s=96&d=mm&r=g\",\"url\":\"https:\\\/\\\/secure.gravatar.com\\\/avatar\\\/feeed25692ee674f491dcf866a1ad825b805974cf2983e32bab9a62e82e3d27f?s=96&d=mm&r=g\",\"contentUrl\":\"https:\\\/\\\/secure.gravatar.com\\\/avatar\\\/feeed25692ee674f491dcf866a1ad825b805974cf2983e32bab9a62e82e3d27f?s=96&d=mm&r=g\",\"caption\":\"Grace Conneally\"},\"url\":\"https:\\\/\\\/gleg.ie\\\/gaeilge\\\/author\\\/grace\\\/\"}]}<\/script>\n<!-- \/ Yoast SEO plugin. -->","yoast_head_json":{"title":"Maidin Chaife na Nollag - Gaillimh Le Gaeilge","robots":{"index":"index","follow":"follow","max-snippet":"max-snippet:-1","max-image-preview":"max-image-preview:large","max-video-preview":"max-video-preview:-1"},"canonical":"https:\/\/gleg.ie\/gaeilge\/maidin-chaife-na-nollag\/","og_locale":"ga_IE","og_type":"article","og_title":"Maidin Chaife na Nollag - Gaillimh Le Gaeilge","og_description":"Maidin Chaife with Christmas Carols! Join us at Galway City Library on Wednesday the 3rd of December from 11.00am-12.00pm for our Maidin Chaife with Christmas Carols and festive treats with Majella O\u2019Meara \ud83c\udf84\ud83c\udfb5 We welcome learners and those who wish to practice their Irish, this event is free of charge. Keep an eye on our [&hellip;]","og_url":"https:\/\/gleg.ie\/gaeilge\/maidin-chaife-na-nollag\/","og_site_name":"Gaillimh Le Gaeilge","article_published_time":"2025-11-25T11:29:34+00:00","article_modified_time":"2025-11-25T11:30:41+00:00","og_image":[{"width":1080,"height":1080,"url":"https:\/\/gleg.ie\/wp-content\/uploads\/2024\/12\/12u-Nollaig.png","type":"image\/png"}],"author":"Grace Conneally","twitter_card":"summary_large_image","twitter_misc":{"Written by":"Grace Conneally","Est. reading time":"2 minutes"},"schema":{"@context":"https:\/\/schema.org","@graph":[{"@type":"Article","@id":"https:\/\/gleg.ie\/maidin-chaife-na-nollag\/#article","isPartOf":{"@id":"https:\/\/gleg.ie\/maidin-chaife-na-nollag\/"},"author":{"name":"Grace Conneally","@id":"https:\/\/gleg.ie\/#\/schema\/person\/dad0fdc03c01a5a844c09626fae137df"},"headline":"Maidin Chaife na Nollag","datePublished":"2025-11-25T11:29:34+00:00","dateModified":"2025-11-25T11:30:41+00:00","mainEntityOfPage":{"@id":"https:\/\/gleg.ie\/maidin-chaife-na-nollag\/"},"wordCount":67,"commentCount":0,"image":{"@id":"https:\/\/gleg.ie\/maidin-chaife-na-nollag\/#primaryimage"},"thumbnailUrl":"https:\/\/gleg.ie\/wp-content\/uploads\/2024\/12\/12u-Nollaig.png","articleSection":["Events","Plean Teanga","Select Arts, Culture &amp; Entertainment"],"inLanguage":"ga-IE","potentialAction":[{"@type":"CommentAction","name":"Comment","target":["https:\/\/gleg.ie\/maidin-chaife-na-nollag\/#respond"]}]},{"@type":"WebPage","@id":"https:\/\/gleg.ie\/maidin-chaife-na-nollag\/","url":"https:\/\/gleg.ie\/maidin-chaife-na-nollag\/","name":"Maidin Chaife na Nollag - Gaillimh Le Gaeilge","isPartOf":{"@id":"https:\/\/gleg.ie\/#website"},"primaryImageOfPage":{"@id":"https:\/\/gleg.ie\/maidin-chaife-na-nollag\/#primaryimage"},"image":{"@id":"https:\/\/gleg.ie\/maidin-chaife-na-nollag\/#primaryimage"},"thumbnailUrl":"https:\/\/gleg.ie\/wp-content\/uploads\/2024\/12\/12u-Nollaig.png","datePublished":"2025-11-25T11:29:34+00:00","dateModified":"2025-11-25T11:30:41+00:00","author":{"@id":"https:\/\/gleg.ie\/#\/schema\/person\/dad0fdc03c01a5a844c09626fae137df"},"breadcrumb":{"@id":"https:\/\/gleg.ie\/maidin-chaife-na-nollag\/#breadcrumb"},"inLanguage":"ga-IE","potentialAction":[{"@type":"ReadAction","target":["https:\/\/gleg.ie\/maidin-chaife-na-nollag\/"]}]},{"@type":"ImageObject","inLanguage":"ga-IE","@id":"https:\/\/gleg.ie\/maidin-chaife-na-nollag\/#primaryimage","url":"https:\/\/gleg.ie\/wp-content\/uploads\/2024\/12\/12u-Nollaig.png","contentUrl":"https:\/\/gleg.ie\/wp-content\/uploads\/2024\/12\/12u-Nollaig.png","width":1080,"height":1080},{"@type":"BreadcrumbList","@id":"https:\/\/gleg.ie\/maidin-chaife-na-nollag\/#breadcrumb","itemListElement":[{"@type":"ListItem","position":1,"name":"Home","item":"https:\/\/gleg.ie\/english\/"},{"@type":"ListItem","position":2,"name":"Maidin Chaife na Nollag"}]},{"@type":"WebSite","@id":"https:\/\/gleg.ie\/#website","url":"https:\/\/gleg.ie\/","name":"Gaillimh Le Gaeilge","description":"Gaillimh le Gaeilge, An Ghaeilge i nGaillimh, Irish language and culture in Galway, Gaeilge sa Ghn\u00f3, Irish in Business","potentialAction":[{"@type":"SearchAction","target":{"@type":"EntryPoint","urlTemplate":"https:\/\/gleg.ie\/?s={search_term_string}"},"query-input":{"@type":"PropertyValueSpecification","valueRequired":true,"valueName":"search_term_string"}}],"inLanguage":"ga-IE"},{"@type":"Person","@id":"https:\/\/gleg.ie\/#\/schema\/person\/dad0fdc03c01a5a844c09626fae137df","name":"Grace Conneally","image":{"@type":"ImageObject","inLanguage":"ga-IE","@id":"https:\/\/secure.gravatar.com\/avatar\/feeed25692ee674f491dcf866a1ad825b805974cf2983e32bab9a62e82e3d27f?s=96&d=mm&r=g","url":"https:\/\/secure.gravatar.com\/avatar\/feeed25692ee674f491dcf866a1ad825b805974cf2983e32bab9a62e82e3d27f?s=96&d=mm&r=g","contentUrl":"https:\/\/secure.gravatar.com\/avatar\/feeed25692ee674f491dcf866a1ad825b805974cf2983e32bab9a62e82e3d27f?s=96&d=mm&r=g","caption":"Grace Conneally"},"url":"https:\/\/gleg.ie\/gaeilge\/author\/grace\/"}]}},"featured_image_src":"https:\/\/gleg.ie\/wp-content\/uploads\/2024\/12\/12u-Nollaig-600x400.png","featured_image_src_square":"https:\/\/gleg.ie\/wp-content\/uploads\/2024\/12\/12u-Nollaig-600x600.png","author_info":{"display_name":"Grace Conneally","author_link":"https:\/\/gleg.ie\/gaeilge\/author\/grace\/"},"_links":{"self":[{"href":"https:\/\/gleg.ie\/gaeilge\/wp-json\/wp\/v2\/posts\/29557","targetHints":{"allow":["GET"]}}],"collection":[{"href":"https:\/\/gleg.ie\/gaeilge\/wp-json\/wp\/v2\/posts"}],"about":[{"href":"https:\/\/gleg.ie\/gaeilge\/wp-json\/wp\/v2\/types\/post"}],"author":[{"embeddable":true,"href":"https:\/\/gleg.ie\/gaeilge\/wp-json\/wp\/v2\/users\/8"}],"replies":[{"embeddable":true,"href":"https:\/\/gleg.ie\/gaeilge\/wp-json\/wp\/v2\/comments?post=29557"}],"version-history":[{"count":0,"href":"https:\/\/gleg.ie\/gaeilge\/wp-json\/wp\/v2\/posts\/29557\/revisions"}],"wp:featuredmedia":[{"embeddable":true,"href":"https:\/\/gleg.ie\/gaeilge\/wp-json\/wp\/v2\/media\/29558"}],"wp:attachment":[{"href":"https:\/\/gleg.ie\/gaeilge\/wp-json\/wp\/v2\/media?parent=29557"}],"wp:term":[{"taxonomy":"category","embeddable":true,"href":"https:\/\/gleg.ie\/gaeilge\/wp-json\/wp\/v2\/categories?post=29557"},{"taxonomy":"post_tag","embeddable":true,"href":"https:\/\/gleg.ie\/gaeilge\/wp-json\/wp\/v2\/tags?post=29557"}],"curies":[{"name":"wp","href":"https:\/\/api.w.org\/{rel}","templated":true}]}}