{"id":29848,"date":"2025-05-28T10:13:19","date_gmt":"2025-05-28T09:13:19","guid":{"rendered":"https:\/\/gleg.ie\/?p=29848"},"modified":"2025-09-08T15:34:33","modified_gmt":"2025-09-08T14:34:33","slug":"fograionn-an-taire-gaeltachta-dara-calleary-t-d-irish-socksciety-mar-bhuaiteoir-foriomlan-ghradam-2025","status":"publish","type":"post","link":"https:\/\/gleg.ie\/gaeilge\/fograionn-an-taire-gaeltachta-dara-calleary-t-d-irish-socksciety-mar-bhuaiteoir-foriomlan-ghradam-2025\/","title":{"rendered":"F\u00f3gra\u00edonn An tAire Gaeltachta, Dara Calleary, T.D., Irish Socksciety mar bhuaiteoir forioml\u00e1n Ghradam 2025"},"content":{"rendered":"<p class=\"has-text-align-center\"><strong>F\u00f3gra\u00edodh Just Art It, Pl\u00e1m\u00e1s, Dar\u00f3g Wine Bar agus Club Seolt\u00f3ireachta H\u00faic\u00e9ir\u00ed na Gaillimhe mar bhuaiteoir\u00ed br\u00f3d\u00fala na gcatag\u00f3ir\u00ed i nGradam na bliana seo freisin.\nComhghairdeas le gach duine a ghlac p\u00e1irt sa Ghradam, \n agus bu\u00edochas \u00f3 chro\u00ed as a dtiomantas ollmh\u00f3r don Ghaeilge agus \ndon saol d\u00e1theangach i nGaillimh.<\/strong> <strong>Gaillimhe were announced as proud category winners.<\/strong><\/p>\n\n\n\n<p class=\"has-text-align-left translation-block\">Tion\u00f3ladh an 23\u00fa searmanas m\u00f3r bronnta Ghradam Sheosaimh U\u00ed \u00d3gartaigh D\u00e9 Luain, an 26 Bealtaine ag \u00d3st\u00e1n Chuan na Gaillimhe. D\u00e9anann an Gradam ceili\u00faradh ar sh\u00e1rmhaitheas i seirbh\u00eds dh\u00e1theangach i measc gn\u00f3lachta\u00ed agus eagra\u00edochta\u00ed ar fud Chathair na Gaillimhe. \n\nBhailigh Gearrliosta an Ghradaim lena dteaghlaigh, lena gcomhghleacaithe agus cairde, in \u00e9ineacht le baill de Chairde Ghaillimh le Gaeilge chun \u00e9achta\u00ed d\u00e1theangacha na bliana seo a cheili\u00faradh agus a chom\u00f3radh.<\/p>\n\n\n\n<p class=\"has-text-align-left\"><\/p>\n\n\n\n<figure class=\"wp-block-image aligncenter size-large is-style-default\"><img loading=\"lazy\" decoding=\"async\" width=\"1024\" height=\"683\" src=\"https:\/\/gleg.ie\/wp-content\/uploads\/2025\/05\/Pic2-1024x683.jpg\" alt=\"\" class=\"wp-image-29849\" srcset=\"https:\/\/gleg.ie\/wp-content\/uploads\/2025\/05\/Pic2-980x653.jpg 980w, https:\/\/gleg.ie\/wp-content\/uploads\/2025\/05\/Pic2-480x320.jpg 480w\" sizes=\"auto, (min-width: 0px) and (max-width: 480px) 480px, (min-width: 481px) and (max-width: 980px) 980px, (min-width: 981px) 1024px, 100vw\" \/><\/figure>\n\n\n\n<p class=\"has-text-align-left\">Bhain na ha\u00edonna taitneamh as tr\u00e1thn\u00f3na pl\u00e9isi\u00fartha ceoil thraidisi\u00fanta, inar sheinn gr\u00fapa ceolt\u00f3ir\u00ed a bhfuil aithne mhaith agus ardmheas orthu. Ina measc, bh\u00ed Mick Crehan (an fhead\u00f3g), Andres Trajberg (an fhidil\/an fhead\u00f3g mh\u00f3r), Mayo Yanachi (an fhidil), George Grosso (an bas\u00faca\u00ed), Niall McQuaid (an bodhr\u00e1n), and Johnny O\u2019Halloran (an mileoidean). Buaicphointe speisialta den tr\u00e1thn\u00f3na ab ea amhr\u00e1in le P\u00e1draig Jack, \nan t-amhr\u00e1na\u00ed is scr\u00edbhneoir d\u00e1theangach \u00f3 Oile\u00e1in \u00c1rann, agus bh\u00ed an lucht freastail an-t\u00f3gtha lena chuid ceoil.<\/p>\n\n\n\n<p class=\"has-text-align-left\">Chuir M\u00e9ara Chathair na Gaillimhe, an Comhairleoir Peter Keane, t\u00fas leis an searmanas tr\u00ed Theastais an Ghradaim a bhronnadh ar gach duine de na craobhiomaitheoir\u00ed mar aitheantas ar a dtiomantas don Ghaeilge a chur chun cinn i gCathair na Gaillimhe.<\/p>\n\n\n\n<p>Ba \u00e9 buaicphointe an tr\u00e1thn\u00f3na nuair a d\u2019fh\u00f3gair An tAire Gaeltachta, Dara Calleary, TD, gurbh iad Irish Socksciety buaiteoir ioml\u00e1n Ghradam 2025. Bronnadh teideal 15\u00fa Treibh na Gaillimhe freisin orthu nuair a bronnadh an gradam orthu, agus beidh an gradam seo acu go br\u00f3d\u00fail don bhliain amach rompu.<\/p>\n\n\n\n<p>Ag labhairt d\u00f3 faoi Ghradam Sheosaimh U\u00ed \u00d3gartaigh, d\u00fairt An tAire Gaeltachta\n Dara Calleary, TD:<\/p>\n\n\n\n<p>\u201c<em>\u201cIs sampla iontach \u00e9 Gradam Sheosaimh U\u00ed \u00d3gartaigh den iliomad deiseanna a chrutha\u00edonn an Ghaeilge i ngach gn\u00e9 de shaol Chathair na Gaillimhe \u2014 \u00f3 shiopa\u00ed agus chaif\u00e9anna go dt\u00ed scann\u00e1na\u00edocht, gn\u00f3tha\u00ed, gr\u00fapa\u00ed pobail, agus an domhan digiteach.  Taispe\u00e1nann an Gradam go bhfuil an teanga n\u00ed hamh\u00e1in mar chuid d\u00e1r bhf\u00e9ini\u00falacht, ach gur s\u00f3cmhainn luachmhar \u00ed freisin in\u00e1r ngn\u00f3, \u00e1r mbrand\u00e1il, agus i rannph\u00e1irt\u00edocht an phobail.\u201d<\/em><\/p>\n\n\n\n<p>Anuas ar an mbuaiteoir ioml\u00e1n, chuir An tAire Gaeltachta buaiteoir\u00ed catag\u00f3ire na bliana seo i l\u00e1thair.<\/p>\n\n\n\n<p>Just Art It sa Chatag\u00f3ir \u2018Taith\u00ed Mhiond\u00edola\u2019 urraithe ag Galway Bay FM;<\/p>\n\n\n\n<p>Dar\u00f3g Wine Bar sa Chatag\u00f3ir \u2018Turas\u00f3ireacht\u2019 urraithe ag F\u00e1ilte Ireland;<\/p>\n\n\n\n<p>Pl\u00e1m\u00e1s sa Chatag\u00f3ir \u2018Seirbh\u00eds Chustaim\u00e9ara\u2019, urraithe ag Computer Troubleshooters;<\/p>\n\n\n\n<p class=\"has-text-align-left\">Club Seolt\u00f3ireacht H\u00faic\u00e9ir\u00ed na Gaillimhe sa Chatag\u00f3ir \u2018Pobal agus Cult\u00far\u2019, urraithe ag Acadamh na hOllscola\u00edochta Gaeilge, Ollscoil na Gaillimhe.<\/p>\n\n\n\n<figure class=\"wp-block-image aligncenter size-large\"><img loading=\"lazy\" decoding=\"async\" width=\"1024\" height=\"683\" src=\"https:\/\/gleg.ie\/wp-content\/uploads\/2025\/05\/Pic3-1024x683.jpg\" alt=\"\" class=\"wp-image-29850\" srcset=\"https:\/\/gleg.ie\/wp-content\/uploads\/2025\/05\/Pic3-980x653.jpg 980w, https:\/\/gleg.ie\/wp-content\/uploads\/2025\/05\/Pic3-480x320.jpg 480w\" sizes=\"auto, (min-width: 0px) and (max-width: 480px) 480px, (min-width: 481px) and (max-width: 980px) 980px, (min-width: 981px) 1024px, 100vw\" \/><\/figure>\n\n\n\n<p class=\"has-text-align-left\">\u00d3 buna\u00edodh iad in 2017, t\u00e1 Irish Socksciety tar \u00e9is glacadh go hioml\u00e1n leis an nGaeilge agus leis an gcult\u00far Gaelach i ngach gn\u00e9 d\u00e1 mbranda.  \u00d3n dearadh at\u00e1 ar a gcuid stoca\u00ed go dt\u00ed an pac\u00e1isti\u00fa, an su\u00edomh gr\u00e9as\u00e1in, na me\u00e1in sh\u00f3isialta agus an chumars\u00e1id le custaim\u00e9ir\u00ed \u2013 t\u00e1 an Ghaeilge mar chuid l\u00e1rnach, bheoga d\u00e1 bhf\u00e9ini\u00falacht.<\/p>\n\n\n\n<p>Le gairid, leathnaigh siad a dtairiscint chun raon ildaite stoca\u00ed p\u00e1ist\u00ed a chur ar f\u00e1il, ina bhfuil an Ghaeilge le feice\u00e1il go soil\u00e9ir. Chomh maith leis sin, eagra\u00edonn siad com\u00f3rtais spra\u00ed\u00fala a spreagann an pobal le bheith cruthaitheach agus dearadh nua stoca\u00ed tr\u00ed mhe\u00e1n na Gaeilge a chur chun cinn.<\/p>\n\n\n\n<p>Taca\u00edonn na bunaitheoir\u00ed, Joanna Ciezka agus Alex Kieldanowicz, leis an nGaeilge go d\u00edograiseach. Is as an bPolainn \u00f3 dh\u00fachas d\u00f3ibh.  T\u00e1 a nd\u00edograis agus a sp\u00e9is sa teanga le feice\u00e1il go soil\u00e9ir sna beala\u00ed nu\u00e1lacha agus greannmhara a chuireann siad an Ghaeilge chun cinn \u2014 c\u00e9im ar ch\u00e9im.<\/p>\n\n\n\n<p>N\u00edos luaithe sa tr\u00e1thn\u00f3na, f\u00f3gra\u00edodh gurbh iad buaiteoir\u00ed na Catag\u00f3ire \u2018Digiteach\u2019, urraithe ag Platform 94, agus lean siad orthu lena mbua m\u00f3r tr\u00ed Ghradam Forioml\u00e1n na bliana a bhaint amach. Bronnadh p\u00edosa dealbh\u00f3ireachta \u00e1lainn orthu, a dearadh go speisialta don Ghradam ag an eala\u00edont\u00f3ir m\u00f3r le r\u00e1 P\u00e1draic Reaney,  le 14 Threibh na Gaillimhe l\u00e9irithe ann, mar aon le \u201cTreibh nua na linne seo\u201d mar shiombail ar bhuaiteoir Ghradam Sheosaimh U\u00ed \u00d3gartaigh agus ar na buaiteoir\u00ed a bheidh ann amach anseo.<\/p>\n\n\n\n<p>Fuair buaiteoir\u00ed na gCatag\u00f3ir\u00ed pac\u00e1iste gn\u00f3 ar fi\u00fa \u20ac2,000 \u00e9 \u00f3n urraitheoir a bhain leis an gcatag\u00f3ir a raibh siad ann.  Bronnadh macasamhail Ghradam Sheosaimh U\u00ed \u00d3gartaigh orthu freisin, urraithe ag \u00dadar\u00e1s na Gaeltachta.<\/p>\n\n\n\n<p>I mbliana, roghnaigh na Molt\u00f3ir\u00ed Soundtrack &amp; Podcast lonnaithe ar Shr\u00e1id Doiminic do Bhronnadh Speisialta na Molt\u00f3ir\u00ed, urraithe ag Judy Greene Pottery.<\/p>\n\n\n\n<p>D\u00e9antar Bronnadh Speisialta na Molt\u00f3ir\u00ed, le haitheantas a thabhairt do ghn\u00f3lacht a bh\u00ed istigh ar an nGradam den ch\u00e9ad uair agus a bhain amach caighde\u00e1n chomh hard agus go gcaithf\u00ed aitheantas a thabhairt d\u00f3.<\/p>\n\n\n\n<p>Mar aitheantas ar a n-\u00fas\u00e1id lean\u00fanach agus chomhsheasmhach ar an nGaeilge, bronnadh scol\u00e1ireacht ollscoile ar The little Siopa \u2013 \u2018An Diopl\u00f3ma sa Ghaeilge\u2019, c\u00farsa dh\u00e1 bhliain d\u00edrithe ar fhoghlaim na teanga. T\u00e1 an ch\u00e1il\u00edocht urraithe go hioml\u00e1n ag Acadamh na hOllscola\u00edochta Gaeilge, Ollscoil na Gaillimhe.<\/p>\n\n\n\n<p>Ag labhairt d\u00f3 faoin bpr\u00f3iseas molt\u00f3ireachta i mbliana, d\u00fairt \u00c9anna \u00d3 h\u00d3gartaigh:&nbsp;<\/p>\n\n\n\n<p><em>\u201cMar mholt\u00f3ir\u00ed Ghradam Sheosaimh U\u00ed \u00d3gartaigh, bh\u00edomar an-t\u00f3gtha le h\u00fas\u00e1id n\u00e1d\u00fartha na Gaeilge i ngn\u00f3lachta\u00ed agus eagra\u00edochta\u00ed ar fud na cathrach. Bh\u00ed s\u00e9 soil\u00e9ir le feice\u00e1il gur bunt\u00e1iste strait\u00e9iseach \u00ed an Ghaeilge, n\u00ed hamh\u00e1in i gcumars\u00e1id le cainteoir\u00ed d\u00fachais, ach freisin mar sh\u00f3cmhainn luachmhar i measc cuairteoir\u00ed agus turas\u00f3ir\u00ed. L\u00e9irigh Gradam Sheosaimh U\u00ed \u00d3gartaigh i mbliana an f\u00e1s agus an fuinneamh at\u00e1 ag baint le h\u00fas\u00e1id na Gaeilge i saol tr\u00e1cht\u00e1la agus pobail na cathrach. T\u00e1 s\u00e9 soil\u00e9ir go bhfuil st\u00e1das na teanga i nGaillimh ag dul \u00f3 neart go neart.\u201d<\/em><\/p>\n\n\n\n<p>Ag an \u00f3c\u00e1id, bhronn an M\u00e9ara Chathair na Gaillimhe, an Comhairleoir Peter Keane, duais  speisialta ar Bhailte Slachtmhara Chathair na Gaillimhe as ucht a saothair luachmhar i gcur chun cinn na Gaeilge tr\u00ed chomhartha\u00edocht chruthaitheach agus shoil\u00e9ir.  Chabhraigh a gcuid oibre go m\u00f3r le h\u00edomh\u00e1 dh\u00e1theangach na cathrach agus le feasacht an phobail faoin nGaeilge. Ghlac Donncha Foley, ball den choiste, leis an duais speisialta urraithe ag Just Art It.<\/p>\n\n\n\n<p>Rinne Cathaoirleach Ghaillimh le Gaeilge, an tOllamh John Breslin comhghairdeas leis na buaiteeoir\u00ed ar fad.<\/p>\n\n\n\n<p>Ba mhaith le Gaillimh le Gaeilge bu\u00edochas \u00f3 chro\u00ed a ghabh\u00e1il le gach aon duine a ghlac p\u00e1irt i nGradam Sheosaimh U\u00ed \u00d3gartaigh 2025, agus comhghairdeas m\u00f3r a dh\u00e9anamh leis na buaiteoir\u00ed go l\u00e9ir.<\/p>\n\n\n\n<p class=\"has-text-align-left\">Gabhaimid bu\u00edochas speisialta leis na molt\u00f3ir\u00ed: \u00c9anna \u00d3 h\u00d3gartaigh, mac le Seosamh \u00d3 h\u00d3gartaigh (a bhfuil an Gradam ainmnithe ina on\u00f3ir), Margaret Jenkins (Bainisteoir Sl\u00ed an Atlantaigh Fhi\u00e1in), Colleen Baxter (WestBIC), agus Diarmuid \u00d3 Conchubhair (Galway Bay FM), as a dtiomantas agus a gcuid ama.&nbsp; T\u00e1imid an-bhu\u00edoch freisin d\u00e1r n-urraitheoir\u00ed go l\u00e9ir as a dtaca\u00edocht lean\u00fanach leis an nGradam.<\/p>\n\n\n\n<figure class=\"wp-block-gallery has-nested-images columns-default is-cropped wp-block-gallery-1 is-layout-flex wp-block-gallery-is-layout-flex\">\n<figure class=\"wp-block-image size-large\"><img loading=\"lazy\" decoding=\"async\" width=\"1024\" height=\"683\" data-id=\"29851\" src=\"https:\/\/gleg.ie\/wp-content\/uploads\/2025\/05\/Pic-1-1024x683.jpg\" alt=\"\" class=\"wp-image-29851\" srcset=\"https:\/\/gleg.ie\/wp-content\/uploads\/2025\/05\/Pic-1-980x653.jpg 980w, https:\/\/gleg.ie\/wp-content\/uploads\/2025\/05\/Pic-1-480x320.jpg 480w\" sizes=\"auto, (min-width: 0px) and (max-width: 480px) 480px, (min-width: 481px) and (max-width: 980px) 980px, (min-width: 981px) 1024px, 100vw\" \/><\/figure>\n\n\n\n<figure class=\"wp-block-image size-large\"><img loading=\"lazy\" decoding=\"async\" width=\"1024\" height=\"683\" data-id=\"29852\" src=\"https:\/\/gleg.ie\/wp-content\/uploads\/2025\/05\/Pic-2-1024x683.jpg\" alt=\"\" class=\"wp-image-29852\" srcset=\"https:\/\/gleg.ie\/wp-content\/uploads\/2025\/05\/Pic-2-980x653.jpg 980w, https:\/\/gleg.ie\/wp-content\/uploads\/2025\/05\/Pic-2-480x320.jpg 480w\" sizes=\"auto, (min-width: 0px) and (max-width: 480px) 480px, (min-width: 481px) and (max-width: 980px) 980px, (min-width: 981px) 1024px, 100vw\" \/><\/figure>\n\n\n\n<figure class=\"wp-block-image size-large\"><img loading=\"lazy\" decoding=\"async\" width=\"1024\" height=\"683\" data-id=\"29854\" src=\"https:\/\/gleg.ie\/wp-content\/uploads\/2025\/05\/Pic-3-1024x683.jpg\" alt=\"\" class=\"wp-image-29854\" srcset=\"https:\/\/gleg.ie\/wp-content\/uploads\/2025\/05\/Pic-3-980x653.jpg 980w, https:\/\/gleg.ie\/wp-content\/uploads\/2025\/05\/Pic-3-480x320.jpg 480w\" sizes=\"auto, (min-width: 0px) and (max-width: 480px) 480px, (min-width: 481px) and (max-width: 980px) 980px, (min-width: 981px) 1024px, 100vw\" \/><\/figure>\n\n\n\n<figure class=\"wp-block-image size-large\"><img loading=\"lazy\" decoding=\"async\" width=\"1024\" height=\"683\" data-id=\"29853\" src=\"https:\/\/gleg.ie\/wp-content\/uploads\/2025\/05\/Pic-4-1024x683.jpg\" alt=\"\" class=\"wp-image-29853\" srcset=\"https:\/\/gleg.ie\/wp-content\/uploads\/2025\/05\/Pic-4-980x653.jpg 980w, https:\/\/gleg.ie\/wp-content\/uploads\/2025\/05\/Pic-4-480x320.jpg 480w\" sizes=\"auto, (min-width: 0px) and (max-width: 480px) 480px, (min-width: 481px) and (max-width: 980px) 980px, (min-width: 981px) 1024px, 100vw\" \/><\/figure>\n\n\n\n<figure class=\"wp-block-image size-large\"><img loading=\"lazy\" decoding=\"async\" width=\"1024\" height=\"683\" data-id=\"29856\" src=\"https:\/\/gleg.ie\/wp-content\/uploads\/2025\/05\/Gradam25_26.05.2025_111-1024x683.jpg\" alt=\"\" class=\"wp-image-29856\" srcset=\"https:\/\/gleg.ie\/wp-content\/uploads\/2025\/05\/Gradam25_26.05.2025_111-980x653.jpg 980w, https:\/\/gleg.ie\/wp-content\/uploads\/2025\/05\/Gradam25_26.05.2025_111-480x320.jpg 480w\" sizes=\"auto, (min-width: 0px) and (max-width: 480px) 480px, (min-width: 481px) and (max-width: 980px) 980px, (min-width: 981px) 1024px, 100vw\" \/><\/figure>\n<\/figure>","protected":false},"excerpt":{"rendered":"<p>Just Art It, Pl\u00e1m\u00e1s, Dar\u00f3g Wine Bar and Club Seolt\u00f3ireachta H\u00faic\u00e9ir\u00ed na Gaillimhe were announced as proud category winners. The 23rd annual Gradam Sheosaimh U\u00ed \u00d3gartaigh gala awards ceremony was held on Monday, the 26th of May at the Galway Bay Hotel, celebrating excellence in bilingual service among businesses and organisations across Galway City. Finalists, [&hellip;]<\/p>\n","protected":false},"author":9,"featured_media":29849,"comment_status":"open","ping_status":"open","sticky":false,"template":"","format":"standard","meta":{"_acf_changed":false,"_et_pb_use_builder":"off","_et_pb_old_content":"","_et_gb_content_width":"","footnotes":""},"categories":[33,1],"tags":[],"class_list":["post-29848","post","type-post","status-publish","format-standard","has-post-thumbnail","hentry","category-gradam","category-uncategorized"],"acf":[],"yoast_head":"<!-- This site is optimized with the Yoast SEO plugin v27.5 - https:\/\/yoast.com\/product\/yoast-seo-wordpress\/ -->\n<title>F\u00f3gra\u00edonn An tAire Gaeltachta, Dara Calleary, T.D., Irish Socksciety mar bhuaiteoir forioml\u00e1n Ghradam 2025 - Gaillimh Le Gaeilge<\/title>\n<meta name=\"robots\" content=\"index, follow, max-snippet:-1, max-image-preview:large, max-video-preview:-1\" \/>\n<link rel=\"canonical\" href=\"https:\/\/gleg.ie\/gaeilge\/fograionn-an-taire-gaeltachta-dara-calleary-t-d-irish-socksciety-mar-bhuaiteoir-foriomlan-ghradam-2025\/\" \/>\n<meta property=\"og:locale\" content=\"ga_IE\" \/>\n<meta property=\"og:type\" content=\"article\" \/>\n<meta property=\"og:title\" content=\"F\u00f3gra\u00edonn An tAire Gaeltachta, Dara Calleary, T.D., Irish Socksciety mar bhuaiteoir forioml\u00e1n Ghradam 2025 - Gaillimh Le Gaeilge\" \/>\n<meta property=\"og:description\" content=\"Just Art It, Pl\u00e1m\u00e1s, Dar\u00f3g Wine Bar and Club Seolt\u00f3ireachta H\u00faic\u00e9ir\u00ed na Gaillimhe were announced as proud category winners. The 23rd annual Gradam Sheosaimh U\u00ed \u00d3gartaigh gala awards ceremony was held on Monday, the 26th of May at the Galway Bay Hotel, celebrating excellence in bilingual service among businesses and organisations across Galway City. Finalists, [&hellip;]\" \/>\n<meta property=\"og:url\" content=\"https:\/\/gleg.ie\/gaeilge\/fograionn-an-taire-gaeltachta-dara-calleary-t-d-irish-socksciety-mar-bhuaiteoir-foriomlan-ghradam-2025\/\" \/>\n<meta property=\"og:site_name\" content=\"Gaillimh Le Gaeilge\" \/>\n<meta property=\"article:published_time\" content=\"2025-05-28T09:13:19+00:00\" \/>\n<meta property=\"article:modified_time\" content=\"2025-09-08T14:34:33+00:00\" \/>\n<meta property=\"og:image\" content=\"https:\/\/gleg.ie\/wp-content\/uploads\/2025\/05\/Pic2.jpg\" \/>\n\t<meta property=\"og:image:width\" content=\"1800\" \/>\n\t<meta property=\"og:image:height\" content=\"1200\" \/>\n\t<meta property=\"og:image:type\" content=\"image\/jpeg\" \/>\n<meta name=\"author\" content=\"Gearoidin Hynes\" \/>\n<meta name=\"twitter:card\" content=\"summary_large_image\" \/>\n<meta name=\"twitter:label1\" content=\"Written by\" \/>\n\t<meta name=\"twitter:data1\" content=\"Gearoidin Hynes\" \/>\n\t<meta name=\"twitter:label2\" content=\"Est. reading time\" \/>\n\t<meta name=\"twitter:data2\" content=\"7 minutes\" \/>\n<script type=\"application\/ld+json\" class=\"yoast-schema-graph\">{\"@context\":\"https:\\\/\\\/schema.org\",\"@graph\":[{\"@type\":\"Article\",\"@id\":\"https:\\\/\\\/gleg.ie\\\/fograionn-an-taire-gaeltachta-dara-calleary-t-d-irish-socksciety-mar-bhuaiteoir-foriomlan-ghradam-2025\\\/#article\",\"isPartOf\":{\"@id\":\"https:\\\/\\\/gleg.ie\\\/fograionn-an-taire-gaeltachta-dara-calleary-t-d-irish-socksciety-mar-bhuaiteoir-foriomlan-ghradam-2025\\\/\"},\"author\":{\"name\":\"Gearoidin Hynes\",\"@id\":\"https:\\\/\\\/gleg.ie\\\/#\\\/schema\\\/person\\\/4854a63d041e654c144c259f1e6f8711\"},\"headline\":\"F\u00f3gra\u00edonn An tAire Gaeltachta, Dara Calleary, T.D., Irish Socksciety mar bhuaiteoir forioml\u00e1n Ghradam 2025\",\"datePublished\":\"2025-05-28T09:13:19+00:00\",\"dateModified\":\"2025-09-08T14:34:33+00:00\",\"mainEntityOfPage\":{\"@id\":\"https:\\\/\\\/gleg.ie\\\/fograionn-an-taire-gaeltachta-dara-calleary-t-d-irish-socksciety-mar-bhuaiteoir-foriomlan-ghradam-2025\\\/\"},\"wordCount\":1130,\"commentCount\":0,\"image\":{\"@id\":\"https:\\\/\\\/gleg.ie\\\/fograionn-an-taire-gaeltachta-dara-calleary-t-d-irish-socksciety-mar-bhuaiteoir-foriomlan-ghradam-2025\\\/#primaryimage\"},\"thumbnailUrl\":\"https:\\\/\\\/gleg.ie\\\/wp-content\\\/uploads\\\/2025\\\/05\\\/Pic2.jpg\",\"articleSection\":[\"Gradam\",\"uncategorized\"],\"inLanguage\":\"ga-IE\",\"potentialAction\":[{\"@type\":\"CommentAction\",\"name\":\"Comment\",\"target\":[\"https:\\\/\\\/gleg.ie\\\/fograionn-an-taire-gaeltachta-dara-calleary-t-d-irish-socksciety-mar-bhuaiteoir-foriomlan-ghradam-2025\\\/#respond\"]}]},{\"@type\":\"WebPage\",\"@id\":\"https:\\\/\\\/gleg.ie\\\/fograionn-an-taire-gaeltachta-dara-calleary-t-d-irish-socksciety-mar-bhuaiteoir-foriomlan-ghradam-2025\\\/\",\"url\":\"https:\\\/\\\/gleg.ie\\\/fograionn-an-taire-gaeltachta-dara-calleary-t-d-irish-socksciety-mar-bhuaiteoir-foriomlan-ghradam-2025\\\/\",\"name\":\"F\u00f3gra\u00edonn An tAire Gaeltachta, Dara Calleary, T.D., Irish Socksciety mar bhuaiteoir forioml\u00e1n Ghradam 2025 - Gaillimh Le Gaeilge\",\"isPartOf\":{\"@id\":\"https:\\\/\\\/gleg.ie\\\/#website\"},\"primaryImageOfPage\":{\"@id\":\"https:\\\/\\\/gleg.ie\\\/fograionn-an-taire-gaeltachta-dara-calleary-t-d-irish-socksciety-mar-bhuaiteoir-foriomlan-ghradam-2025\\\/#primaryimage\"},\"image\":{\"@id\":\"https:\\\/\\\/gleg.ie\\\/fograionn-an-taire-gaeltachta-dara-calleary-t-d-irish-socksciety-mar-bhuaiteoir-foriomlan-ghradam-2025\\\/#primaryimage\"},\"thumbnailUrl\":\"https:\\\/\\\/gleg.ie\\\/wp-content\\\/uploads\\\/2025\\\/05\\\/Pic2.jpg\",\"datePublished\":\"2025-05-28T09:13:19+00:00\",\"dateModified\":\"2025-09-08T14:34:33+00:00\",\"author\":{\"@id\":\"https:\\\/\\\/gleg.ie\\\/#\\\/schema\\\/person\\\/4854a63d041e654c144c259f1e6f8711\"},\"breadcrumb\":{\"@id\":\"https:\\\/\\\/gleg.ie\\\/fograionn-an-taire-gaeltachta-dara-calleary-t-d-irish-socksciety-mar-bhuaiteoir-foriomlan-ghradam-2025\\\/#breadcrumb\"},\"inLanguage\":\"ga-IE\",\"potentialAction\":[{\"@type\":\"ReadAction\",\"target\":[\"https:\\\/\\\/gleg.ie\\\/fograionn-an-taire-gaeltachta-dara-calleary-t-d-irish-socksciety-mar-bhuaiteoir-foriomlan-ghradam-2025\\\/\"]}]},{\"@type\":\"ImageObject\",\"inLanguage\":\"ga-IE\",\"@id\":\"https:\\\/\\\/gleg.ie\\\/fograionn-an-taire-gaeltachta-dara-calleary-t-d-irish-socksciety-mar-bhuaiteoir-foriomlan-ghradam-2025\\\/#primaryimage\",\"url\":\"https:\\\/\\\/gleg.ie\\\/wp-content\\\/uploads\\\/2025\\\/05\\\/Pic2.jpg\",\"contentUrl\":\"https:\\\/\\\/gleg.ie\\\/wp-content\\\/uploads\\\/2025\\\/05\\\/Pic2.jpg\",\"width\":1800,\"height\":1200},{\"@type\":\"BreadcrumbList\",\"@id\":\"https:\\\/\\\/gleg.ie\\\/fograionn-an-taire-gaeltachta-dara-calleary-t-d-irish-socksciety-mar-bhuaiteoir-foriomlan-ghradam-2025\\\/#breadcrumb\",\"itemListElement\":[{\"@type\":\"ListItem\",\"position\":1,\"name\":\"Home\",\"item\":\"https:\\\/\\\/gleg.ie\\\/english\\\/\"},{\"@type\":\"ListItem\",\"position\":2,\"name\":\"F\u00f3gra\u00edonn An tAire Gaeltachta, Dara Calleary, T.D., Irish Socksciety mar bhuaiteoir forioml\u00e1n Ghradam 2025\"}]},{\"@type\":\"WebSite\",\"@id\":\"https:\\\/\\\/gleg.ie\\\/#website\",\"url\":\"https:\\\/\\\/gleg.ie\\\/\",\"name\":\"Gaillimh Le Gaeilge\",\"description\":\"Gaillimh le Gaeilge, An Ghaeilge i nGaillimh, Irish language and culture in Galway, Gaeilge sa Ghn\u00f3, Irish in Business\",\"potentialAction\":[{\"@type\":\"SearchAction\",\"target\":{\"@type\":\"EntryPoint\",\"urlTemplate\":\"https:\\\/\\\/gleg.ie\\\/?s={search_term_string}\"},\"query-input\":{\"@type\":\"PropertyValueSpecification\",\"valueRequired\":true,\"valueName\":\"search_term_string\"}}],\"inLanguage\":\"ga-IE\"},{\"@type\":\"Person\",\"@id\":\"https:\\\/\\\/gleg.ie\\\/#\\\/schema\\\/person\\\/4854a63d041e654c144c259f1e6f8711\",\"name\":\"Gearoidin Hynes\",\"image\":{\"@type\":\"ImageObject\",\"inLanguage\":\"ga-IE\",\"@id\":\"https:\\\/\\\/secure.gravatar.com\\\/avatar\\\/37955fa00a01df957233031eca30f8b2db2cbb99f8e15f147db43919e6bd374c?s=96&d=mm&r=g\",\"url\":\"https:\\\/\\\/secure.gravatar.com\\\/avatar\\\/37955fa00a01df957233031eca30f8b2db2cbb99f8e15f147db43919e6bd374c?s=96&d=mm&r=g\",\"contentUrl\":\"https:\\\/\\\/secure.gravatar.com\\\/avatar\\\/37955fa00a01df957233031eca30f8b2db2cbb99f8e15f147db43919e6bd374c?s=96&d=mm&r=g\",\"caption\":\"Gearoidin Hynes\"},\"url\":\"https:\\\/\\\/gleg.ie\\\/gaeilge\\\/author\\\/gearoidin\\\/\"}]}<\/script>\n<!-- \/ Yoast SEO plugin. -->","yoast_head_json":{"title":"F\u00f3gra\u00edonn An tAire Gaeltachta, Dara Calleary, T.D., Irish Socksciety mar bhuaiteoir forioml\u00e1n Ghradam 2025 - Gaillimh Le Gaeilge","robots":{"index":"index","follow":"follow","max-snippet":"max-snippet:-1","max-image-preview":"max-image-preview:large","max-video-preview":"max-video-preview:-1"},"canonical":"https:\/\/gleg.ie\/gaeilge\/fograionn-an-taire-gaeltachta-dara-calleary-t-d-irish-socksciety-mar-bhuaiteoir-foriomlan-ghradam-2025\/","og_locale":"ga_IE","og_type":"article","og_title":"F\u00f3gra\u00edonn An tAire Gaeltachta, Dara Calleary, T.D., Irish Socksciety mar bhuaiteoir forioml\u00e1n Ghradam 2025 - Gaillimh Le Gaeilge","og_description":"Just Art It, Pl\u00e1m\u00e1s, Dar\u00f3g Wine Bar and Club Seolt\u00f3ireachta H\u00faic\u00e9ir\u00ed na Gaillimhe were announced as proud category winners. The 23rd annual Gradam Sheosaimh U\u00ed \u00d3gartaigh gala awards ceremony was held on Monday, the 26th of May at the Galway Bay Hotel, celebrating excellence in bilingual service among businesses and organisations across Galway City. Finalists, [&hellip;]","og_url":"https:\/\/gleg.ie\/gaeilge\/fograionn-an-taire-gaeltachta-dara-calleary-t-d-irish-socksciety-mar-bhuaiteoir-foriomlan-ghradam-2025\/","og_site_name":"Gaillimh Le Gaeilge","article_published_time":"2025-05-28T09:13:19+00:00","article_modified_time":"2025-09-08T14:34:33+00:00","og_image":[{"width":1800,"height":1200,"url":"https:\/\/gleg.ie\/wp-content\/uploads\/2025\/05\/Pic2.jpg","type":"image\/jpeg"}],"author":"Gearoidin Hynes","twitter_card":"summary_large_image","twitter_misc":{"Written by":"Gearoidin Hynes","Est. reading time":"7 minutes"},"schema":{"@context":"https:\/\/schema.org","@graph":[{"@type":"Article","@id":"https:\/\/gleg.ie\/fograionn-an-taire-gaeltachta-dara-calleary-t-d-irish-socksciety-mar-bhuaiteoir-foriomlan-ghradam-2025\/#article","isPartOf":{"@id":"https:\/\/gleg.ie\/fograionn-an-taire-gaeltachta-dara-calleary-t-d-irish-socksciety-mar-bhuaiteoir-foriomlan-ghradam-2025\/"},"author":{"name":"Gearoidin Hynes","@id":"https:\/\/gleg.ie\/#\/schema\/person\/4854a63d041e654c144c259f1e6f8711"},"headline":"F\u00f3gra\u00edonn An tAire Gaeltachta, Dara Calleary, T.D., Irish Socksciety mar bhuaiteoir forioml\u00e1n Ghradam 2025","datePublished":"2025-05-28T09:13:19+00:00","dateModified":"2025-09-08T14:34:33+00:00","mainEntityOfPage":{"@id":"https:\/\/gleg.ie\/fograionn-an-taire-gaeltachta-dara-calleary-t-d-irish-socksciety-mar-bhuaiteoir-foriomlan-ghradam-2025\/"},"wordCount":1130,"commentCount":0,"image":{"@id":"https:\/\/gleg.ie\/fograionn-an-taire-gaeltachta-dara-calleary-t-d-irish-socksciety-mar-bhuaiteoir-foriomlan-ghradam-2025\/#primaryimage"},"thumbnailUrl":"https:\/\/gleg.ie\/wp-content\/uploads\/2025\/05\/Pic2.jpg","articleSection":["Gradam","uncategorized"],"inLanguage":"ga-IE","potentialAction":[{"@type":"CommentAction","name":"Comment","target":["https:\/\/gleg.ie\/fograionn-an-taire-gaeltachta-dara-calleary-t-d-irish-socksciety-mar-bhuaiteoir-foriomlan-ghradam-2025\/#respond"]}]},{"@type":"WebPage","@id":"https:\/\/gleg.ie\/fograionn-an-taire-gaeltachta-dara-calleary-t-d-irish-socksciety-mar-bhuaiteoir-foriomlan-ghradam-2025\/","url":"https:\/\/gleg.ie\/fograionn-an-taire-gaeltachta-dara-calleary-t-d-irish-socksciety-mar-bhuaiteoir-foriomlan-ghradam-2025\/","name":"F\u00f3gra\u00edonn An tAire Gaeltachta, Dara Calleary, T.D., Irish Socksciety mar bhuaiteoir forioml\u00e1n Ghradam 2025 - Gaillimh Le Gaeilge","isPartOf":{"@id":"https:\/\/gleg.ie\/#website"},"primaryImageOfPage":{"@id":"https:\/\/gleg.ie\/fograionn-an-taire-gaeltachta-dara-calleary-t-d-irish-socksciety-mar-bhuaiteoir-foriomlan-ghradam-2025\/#primaryimage"},"image":{"@id":"https:\/\/gleg.ie\/fograionn-an-taire-gaeltachta-dara-calleary-t-d-irish-socksciety-mar-bhuaiteoir-foriomlan-ghradam-2025\/#primaryimage"},"thumbnailUrl":"https:\/\/gleg.ie\/wp-content\/uploads\/2025\/05\/Pic2.jpg","datePublished":"2025-05-28T09:13:19+00:00","dateModified":"2025-09-08T14:34:33+00:00","author":{"@id":"https:\/\/gleg.ie\/#\/schema\/person\/4854a63d041e654c144c259f1e6f8711"},"breadcrumb":{"@id":"https:\/\/gleg.ie\/fograionn-an-taire-gaeltachta-dara-calleary-t-d-irish-socksciety-mar-bhuaiteoir-foriomlan-ghradam-2025\/#breadcrumb"},"inLanguage":"ga-IE","potentialAction":[{"@type":"ReadAction","target":["https:\/\/gleg.ie\/fograionn-an-taire-gaeltachta-dara-calleary-t-d-irish-socksciety-mar-bhuaiteoir-foriomlan-ghradam-2025\/"]}]},{"@type":"ImageObject","inLanguage":"ga-IE","@id":"https:\/\/gleg.ie\/fograionn-an-taire-gaeltachta-dara-calleary-t-d-irish-socksciety-mar-bhuaiteoir-foriomlan-ghradam-2025\/#primaryimage","url":"https:\/\/gleg.ie\/wp-content\/uploads\/2025\/05\/Pic2.jpg","contentUrl":"https:\/\/gleg.ie\/wp-content\/uploads\/2025\/05\/Pic2.jpg","width":1800,"height":1200},{"@type":"BreadcrumbList","@id":"https:\/\/gleg.ie\/fograionn-an-taire-gaeltachta-dara-calleary-t-d-irish-socksciety-mar-bhuaiteoir-foriomlan-ghradam-2025\/#breadcrumb","itemListElement":[{"@type":"ListItem","position":1,"name":"Home","item":"https:\/\/gleg.ie\/english\/"},{"@type":"ListItem","position":2,"name":"F\u00f3gra\u00edonn An tAire Gaeltachta, Dara Calleary, T.D., Irish Socksciety mar bhuaiteoir forioml\u00e1n Ghradam 2025"}]},{"@type":"WebSite","@id":"https:\/\/gleg.ie\/#website","url":"https:\/\/gleg.ie\/","name":"Gaillimh Le Gaeilge","description":"Gaillimh le Gaeilge, An Ghaeilge i nGaillimh, Irish language and culture in Galway, Gaeilge sa Ghn\u00f3, Irish in Business","potentialAction":[{"@type":"SearchAction","target":{"@type":"EntryPoint","urlTemplate":"https:\/\/gleg.ie\/?s={search_term_string}"},"query-input":{"@type":"PropertyValueSpecification","valueRequired":true,"valueName":"search_term_string"}}],"inLanguage":"ga-IE"},{"@type":"Person","@id":"https:\/\/gleg.ie\/#\/schema\/person\/4854a63d041e654c144c259f1e6f8711","name":"Gearoidin Hynes","image":{"@type":"ImageObject","inLanguage":"ga-IE","@id":"https:\/\/secure.gravatar.com\/avatar\/37955fa00a01df957233031eca30f8b2db2cbb99f8e15f147db43919e6bd374c?s=96&d=mm&r=g","url":"https:\/\/secure.gravatar.com\/avatar\/37955fa00a01df957233031eca30f8b2db2cbb99f8e15f147db43919e6bd374c?s=96&d=mm&r=g","contentUrl":"https:\/\/secure.gravatar.com\/avatar\/37955fa00a01df957233031eca30f8b2db2cbb99f8e15f147db43919e6bd374c?s=96&d=mm&r=g","caption":"Gearoidin Hynes"},"url":"https:\/\/gleg.ie\/gaeilge\/author\/gearoidin\/"}]}},"featured_image_src":"https:\/\/gleg.ie\/wp-content\/uploads\/2025\/05\/Pic2-600x400.jpg","featured_image_src_square":"https:\/\/gleg.ie\/wp-content\/uploads\/2025\/05\/Pic2-600x600.jpg","author_info":{"display_name":"Gearoidin Hynes","author_link":"https:\/\/gleg.ie\/gaeilge\/author\/gearoidin\/"},"_links":{"self":[{"href":"https:\/\/gleg.ie\/gaeilge\/wp-json\/wp\/v2\/posts\/29848","targetHints":{"allow":["GET"]}}],"collection":[{"href":"https:\/\/gleg.ie\/gaeilge\/wp-json\/wp\/v2\/posts"}],"about":[{"href":"https:\/\/gleg.ie\/gaeilge\/wp-json\/wp\/v2\/types\/post"}],"author":[{"embeddable":true,"href":"https:\/\/gleg.ie\/gaeilge\/wp-json\/wp\/v2\/users\/9"}],"replies":[{"embeddable":true,"href":"https:\/\/gleg.ie\/gaeilge\/wp-json\/wp\/v2\/comments?post=29848"}],"version-history":[{"count":0,"href":"https:\/\/gleg.ie\/gaeilge\/wp-json\/wp\/v2\/posts\/29848\/revisions"}],"wp:featuredmedia":[{"embeddable":true,"href":"https:\/\/gleg.ie\/gaeilge\/wp-json\/wp\/v2\/media\/29849"}],"wp:attachment":[{"href":"https:\/\/gleg.ie\/gaeilge\/wp-json\/wp\/v2\/media?parent=29848"}],"wp:term":[{"taxonomy":"category","embeddable":true,"href":"https:\/\/gleg.ie\/gaeilge\/wp-json\/wp\/v2\/categories?post=29848"},{"taxonomy":"post_tag","embeddable":true,"href":"https:\/\/gleg.ie\/gaeilge\/wp-json\/wp\/v2\/tags?post=29848"}],"curies":[{"name":"wp","href":"https:\/\/api.w.org\/{rel}","templated":true}]}}