{"id":29987,"date":"2025-10-24T12:03:08","date_gmt":"2025-10-24T11:03:08","guid":{"rendered":"https:\/\/gleg.ie\/?p=29987"},"modified":"2025-10-24T13:02:30","modified_gmt":"2025-10-24T12:02:30","slug":"grupa-tuismitheoiri-leanai-2","status":"publish","type":"post","link":"https:\/\/gleg.ie\/gaeilge\/grupa-tuismitheoiri-leanai-2\/","title":{"rendered":"Gr\u00fapa Tuismitheoir\u00ed &amp; Leana\u00ed"},"content":{"rendered":"<p>Beidh Gr\u00fapa Tuismitheoir\u00ed &amp; Leana\u00ed le Julie Anne de Br\u00fain ar si\u00fal i M\u00ed na Samhna.<\/p>\n\n\n\n<p><\/p>\n\n\n\n<p class=\"translation-block\">\ud83d\udcc5 Satharn, 22 Samhain \ud83d\udd5a 11:30 \u2013 12:30<br>\ud83d\udccd Leabharlann an Taoibh Thiar, Cathair na Gaillimhe  <br>T\u00e1 an \u00f3c\u00e1id seo SAOR IN AISCE agus oiri\u00fanach do ph\u00e1ist\u00ed idir 0\u20135 bliana d\u2019aois agus a dtuismitheoir\u00ed n\u00f3 a gcaomhn\u00f3ir\u00ed. Tar chun taitneamh a bhaint as an nGaeilge tr\u00ed sc\u00e9alta, amhr\u00e1in agus s\u00fagradh i su\u00edomh cairdi\u00fail. <br><br>\ud83d\udc49 Tuilleadh Eolais opt@gleg.ie<br><br><\/p>\n\n\n\n<figure class=\"wp-block-image size-large\"><img loading=\"lazy\" decoding=\"async\" width=\"819\" height=\"1024\" src=\"https:\/\/gleg.ie\/wp-content\/uploads\/2025\/10\/Grupa-Tuismitheoiri-Leanai-Samhain-819x1024.png\" alt=\"\" class=\"wp-image-29988\"\/><\/figure>","protected":false},"excerpt":{"rendered":"<p>The Irish Language Parent, Toddler &amp; Early Childhood Group is on in November \ud83d\udc76\ud83d\udcda \ud83d\udcc5 Saturday, the 22nd November\ud83d\udd5a 11:30 \u2013 12:30\ud83d\udccd Leabharlann an Taoibh Thiar, Cathair na Gaillimhe\u00a0@thewestsidelibrary This group is suitable for children aged 0\u20135 years and is free of charge! \ud83d\ude4c \ud83d\udc49 More info: opt@gleg.ie<\/p>","protected":false},"author":9,"featured_media":29988,"comment_status":"open","ping_status":"open","sticky":false,"template":"","format":"standard","meta":{"_acf_changed":false,"_et_pb_use_builder":"off","_et_pb_old_content":"","_et_gb_content_width":"","footnotes":""},"categories":[31,47,1],"tags":[],"class_list":["post-29987","post","type-post","status-publish","format-standard","has-post-thumbnail","hentry","category-events","category-plean-teanga","category-uncategorized"],"acf":[],"yoast_head":"<!-- This site is optimized with the Yoast SEO plugin v27.5 - https:\/\/yoast.com\/product\/yoast-seo-wordpress\/ -->\n<title>Gr\u00fapa Tuismitheoir\u00ed &amp; Leana\u00ed - Gaillimh Le Gaeilge<\/title>\n<meta name=\"robots\" content=\"index, follow, max-snippet:-1, max-image-preview:large, max-video-preview:-1\" \/>\n<link rel=\"canonical\" href=\"https:\/\/gleg.ie\/gaeilge\/grupa-tuismitheoiri-leanai-2\/\" \/>\n<meta property=\"og:locale\" content=\"ga_IE\" \/>\n<meta property=\"og:type\" content=\"article\" \/>\n<meta property=\"og:title\" content=\"Gr\u00fapa Tuismitheoir\u00ed &amp; Leana\u00ed - Gaillimh Le Gaeilge\" \/>\n<meta property=\"og:description\" content=\"The Irish Language Parent, Toddler &amp; Early Childhood Group is on in November \ud83d\udc76\ud83d\udcda \ud83d\udcc5 Saturday, the 22nd November\ud83d\udd5a 11:30 \u2013 12:30\ud83d\udccd Leabharlann an Taoibh Thiar, Cathair na Gaillimhe\u00a0@thewestsidelibrary This group is suitable for children aged 0\u20135 years and is free of charge! \ud83d\ude4c \ud83d\udc49 More info: opt@gleg.ie\" \/>\n<meta property=\"og:url\" content=\"https:\/\/gleg.ie\/gaeilge\/grupa-tuismitheoiri-leanai-2\/\" \/>\n<meta property=\"og:site_name\" content=\"Gaillimh Le Gaeilge\" \/>\n<meta property=\"article:published_time\" content=\"2025-10-24T11:03:08+00:00\" \/>\n<meta property=\"article:modified_time\" content=\"2025-10-24T12:02:30+00:00\" \/>\n<meta property=\"og:image\" content=\"https:\/\/gleg.ie\/wp-content\/uploads\/2025\/10\/Grupa-Tuismitheoiri-Leanai-Samhain.png\" \/>\n\t<meta property=\"og:image:width\" content=\"1080\" \/>\n\t<meta property=\"og:image:height\" content=\"1350\" \/>\n\t<meta property=\"og:image:type\" content=\"image\/png\" \/>\n<meta name=\"author\" content=\"Gearoidin Hynes\" \/>\n<meta name=\"twitter:card\" content=\"summary_large_image\" \/>\n<meta name=\"twitter:label1\" content=\"Written by\" \/>\n\t<meta name=\"twitter:data1\" content=\"Gearoidin Hynes\" \/>\n<script type=\"application\/ld+json\" class=\"yoast-schema-graph\">{\"@context\":\"https:\\\/\\\/schema.org\",\"@graph\":[{\"@type\":\"Article\",\"@id\":\"https:\\\/\\\/gleg.ie\\\/grupa-tuismitheoiri-leanai-2\\\/#article\",\"isPartOf\":{\"@id\":\"https:\\\/\\\/gleg.ie\\\/grupa-tuismitheoiri-leanai-2\\\/\"},\"author\":{\"name\":\"Gearoidin Hynes\",\"@id\":\"https:\\\/\\\/gleg.ie\\\/#\\\/schema\\\/person\\\/4854a63d041e654c144c259f1e6f8711\"},\"headline\":\"Gr\u00fapa Tuismitheoir\u00ed &amp; Leana\u00ed\",\"datePublished\":\"2025-10-24T11:03:08+00:00\",\"dateModified\":\"2025-10-24T12:02:30+00:00\",\"mainEntityOfPage\":{\"@id\":\"https:\\\/\\\/gleg.ie\\\/grupa-tuismitheoiri-leanai-2\\\/\"},\"wordCount\":48,\"commentCount\":0,\"image\":{\"@id\":\"https:\\\/\\\/gleg.ie\\\/grupa-tuismitheoiri-leanai-2\\\/#primaryimage\"},\"thumbnailUrl\":\"https:\\\/\\\/gleg.ie\\\/wp-content\\\/uploads\\\/2025\\\/10\\\/Grupa-Tuismitheoiri-Leanai-Samhain.png\",\"articleSection\":[\"Events\",\"Plean Teanga\",\"uncategorized\"],\"inLanguage\":\"ga-IE\",\"potentialAction\":[{\"@type\":\"CommentAction\",\"name\":\"Comment\",\"target\":[\"https:\\\/\\\/gleg.ie\\\/grupa-tuismitheoiri-leanai-2\\\/#respond\"]}]},{\"@type\":\"WebPage\",\"@id\":\"https:\\\/\\\/gleg.ie\\\/grupa-tuismitheoiri-leanai-2\\\/\",\"url\":\"https:\\\/\\\/gleg.ie\\\/grupa-tuismitheoiri-leanai-2\\\/\",\"name\":\"Gr\u00fapa Tuismitheoir\u00ed &amp; Leana\u00ed - Gaillimh Le Gaeilge\",\"isPartOf\":{\"@id\":\"https:\\\/\\\/gleg.ie\\\/#website\"},\"primaryImageOfPage\":{\"@id\":\"https:\\\/\\\/gleg.ie\\\/grupa-tuismitheoiri-leanai-2\\\/#primaryimage\"},\"image\":{\"@id\":\"https:\\\/\\\/gleg.ie\\\/grupa-tuismitheoiri-leanai-2\\\/#primaryimage\"},\"thumbnailUrl\":\"https:\\\/\\\/gleg.ie\\\/wp-content\\\/uploads\\\/2025\\\/10\\\/Grupa-Tuismitheoiri-Leanai-Samhain.png\",\"datePublished\":\"2025-10-24T11:03:08+00:00\",\"dateModified\":\"2025-10-24T12:02:30+00:00\",\"author\":{\"@id\":\"https:\\\/\\\/gleg.ie\\\/#\\\/schema\\\/person\\\/4854a63d041e654c144c259f1e6f8711\"},\"breadcrumb\":{\"@id\":\"https:\\\/\\\/gleg.ie\\\/grupa-tuismitheoiri-leanai-2\\\/#breadcrumb\"},\"inLanguage\":\"ga-IE\",\"potentialAction\":[{\"@type\":\"ReadAction\",\"target\":[\"https:\\\/\\\/gleg.ie\\\/grupa-tuismitheoiri-leanai-2\\\/\"]}]},{\"@type\":\"ImageObject\",\"inLanguage\":\"ga-IE\",\"@id\":\"https:\\\/\\\/gleg.ie\\\/grupa-tuismitheoiri-leanai-2\\\/#primaryimage\",\"url\":\"https:\\\/\\\/gleg.ie\\\/wp-content\\\/uploads\\\/2025\\\/10\\\/Grupa-Tuismitheoiri-Leanai-Samhain.png\",\"contentUrl\":\"https:\\\/\\\/gleg.ie\\\/wp-content\\\/uploads\\\/2025\\\/10\\\/Grupa-Tuismitheoiri-Leanai-Samhain.png\",\"width\":1080,\"height\":1350},{\"@type\":\"BreadcrumbList\",\"@id\":\"https:\\\/\\\/gleg.ie\\\/grupa-tuismitheoiri-leanai-2\\\/#breadcrumb\",\"itemListElement\":[{\"@type\":\"ListItem\",\"position\":1,\"name\":\"Home\",\"item\":\"https:\\\/\\\/gleg.ie\\\/english\\\/\"},{\"@type\":\"ListItem\",\"position\":2,\"name\":\"Gr\u00fapa Tuismitheoir\u00ed &amp; Leana\u00ed\"}]},{\"@type\":\"WebSite\",\"@id\":\"https:\\\/\\\/gleg.ie\\\/#website\",\"url\":\"https:\\\/\\\/gleg.ie\\\/\",\"name\":\"Gaillimh Le Gaeilge\",\"description\":\"Gaillimh le Gaeilge, An Ghaeilge i nGaillimh, Irish language and culture in Galway, Gaeilge sa Ghn\u00f3, Irish in Business\",\"potentialAction\":[{\"@type\":\"SearchAction\",\"target\":{\"@type\":\"EntryPoint\",\"urlTemplate\":\"https:\\\/\\\/gleg.ie\\\/?s={search_term_string}\"},\"query-input\":{\"@type\":\"PropertyValueSpecification\",\"valueRequired\":true,\"valueName\":\"search_term_string\"}}],\"inLanguage\":\"ga-IE\"},{\"@type\":\"Person\",\"@id\":\"https:\\\/\\\/gleg.ie\\\/#\\\/schema\\\/person\\\/4854a63d041e654c144c259f1e6f8711\",\"name\":\"Gearoidin Hynes\",\"image\":{\"@type\":\"ImageObject\",\"inLanguage\":\"ga-IE\",\"@id\":\"https:\\\/\\\/secure.gravatar.com\\\/avatar\\\/37955fa00a01df957233031eca30f8b2db2cbb99f8e15f147db43919e6bd374c?s=96&d=mm&r=g\",\"url\":\"https:\\\/\\\/secure.gravatar.com\\\/avatar\\\/37955fa00a01df957233031eca30f8b2db2cbb99f8e15f147db43919e6bd374c?s=96&d=mm&r=g\",\"contentUrl\":\"https:\\\/\\\/secure.gravatar.com\\\/avatar\\\/37955fa00a01df957233031eca30f8b2db2cbb99f8e15f147db43919e6bd374c?s=96&d=mm&r=g\",\"caption\":\"Gearoidin Hynes\"},\"url\":\"https:\\\/\\\/gleg.ie\\\/gaeilge\\\/author\\\/gearoidin\\\/\"}]}<\/script>\n<!-- \/ Yoast SEO plugin. -->","yoast_head_json":{"title":"Gr\u00fapa Tuismitheoir\u00ed &amp; Leana\u00ed - Gaillimh Le Gaeilge","robots":{"index":"index","follow":"follow","max-snippet":"max-snippet:-1","max-image-preview":"max-image-preview:large","max-video-preview":"max-video-preview:-1"},"canonical":"https:\/\/gleg.ie\/gaeilge\/grupa-tuismitheoiri-leanai-2\/","og_locale":"ga_IE","og_type":"article","og_title":"Gr\u00fapa Tuismitheoir\u00ed &amp; Leana\u00ed - Gaillimh Le Gaeilge","og_description":"The Irish Language Parent, Toddler &amp; Early Childhood Group is on in November \ud83d\udc76\ud83d\udcda \ud83d\udcc5 Saturday, the 22nd November\ud83d\udd5a 11:30 \u2013 12:30\ud83d\udccd Leabharlann an Taoibh Thiar, Cathair na Gaillimhe\u00a0@thewestsidelibrary This group is suitable for children aged 0\u20135 years and is free of charge! \ud83d\ude4c \ud83d\udc49 More info: opt@gleg.ie","og_url":"https:\/\/gleg.ie\/gaeilge\/grupa-tuismitheoiri-leanai-2\/","og_site_name":"Gaillimh Le Gaeilge","article_published_time":"2025-10-24T11:03:08+00:00","article_modified_time":"2025-10-24T12:02:30+00:00","og_image":[{"width":1080,"height":1350,"url":"https:\/\/gleg.ie\/wp-content\/uploads\/2025\/10\/Grupa-Tuismitheoiri-Leanai-Samhain.png","type":"image\/png"}],"author":"Gearoidin Hynes","twitter_card":"summary_large_image","twitter_misc":{"Written by":"Gearoidin Hynes"},"schema":{"@context":"https:\/\/schema.org","@graph":[{"@type":"Article","@id":"https:\/\/gleg.ie\/grupa-tuismitheoiri-leanai-2\/#article","isPartOf":{"@id":"https:\/\/gleg.ie\/grupa-tuismitheoiri-leanai-2\/"},"author":{"name":"Gearoidin Hynes","@id":"https:\/\/gleg.ie\/#\/schema\/person\/4854a63d041e654c144c259f1e6f8711"},"headline":"Gr\u00fapa Tuismitheoir\u00ed &amp; Leana\u00ed","datePublished":"2025-10-24T11:03:08+00:00","dateModified":"2025-10-24T12:02:30+00:00","mainEntityOfPage":{"@id":"https:\/\/gleg.ie\/grupa-tuismitheoiri-leanai-2\/"},"wordCount":48,"commentCount":0,"image":{"@id":"https:\/\/gleg.ie\/grupa-tuismitheoiri-leanai-2\/#primaryimage"},"thumbnailUrl":"https:\/\/gleg.ie\/wp-content\/uploads\/2025\/10\/Grupa-Tuismitheoiri-Leanai-Samhain.png","articleSection":["Events","Plean Teanga","uncategorized"],"inLanguage":"ga-IE","potentialAction":[{"@type":"CommentAction","name":"Comment","target":["https:\/\/gleg.ie\/grupa-tuismitheoiri-leanai-2\/#respond"]}]},{"@type":"WebPage","@id":"https:\/\/gleg.ie\/grupa-tuismitheoiri-leanai-2\/","url":"https:\/\/gleg.ie\/grupa-tuismitheoiri-leanai-2\/","name":"Gr\u00fapa Tuismitheoir\u00ed &amp; Leana\u00ed - Gaillimh Le Gaeilge","isPartOf":{"@id":"https:\/\/gleg.ie\/#website"},"primaryImageOfPage":{"@id":"https:\/\/gleg.ie\/grupa-tuismitheoiri-leanai-2\/#primaryimage"},"image":{"@id":"https:\/\/gleg.ie\/grupa-tuismitheoiri-leanai-2\/#primaryimage"},"thumbnailUrl":"https:\/\/gleg.ie\/wp-content\/uploads\/2025\/10\/Grupa-Tuismitheoiri-Leanai-Samhain.png","datePublished":"2025-10-24T11:03:08+00:00","dateModified":"2025-10-24T12:02:30+00:00","author":{"@id":"https:\/\/gleg.ie\/#\/schema\/person\/4854a63d041e654c144c259f1e6f8711"},"breadcrumb":{"@id":"https:\/\/gleg.ie\/grupa-tuismitheoiri-leanai-2\/#breadcrumb"},"inLanguage":"ga-IE","potentialAction":[{"@type":"ReadAction","target":["https:\/\/gleg.ie\/grupa-tuismitheoiri-leanai-2\/"]}]},{"@type":"ImageObject","inLanguage":"ga-IE","@id":"https:\/\/gleg.ie\/grupa-tuismitheoiri-leanai-2\/#primaryimage","url":"https:\/\/gleg.ie\/wp-content\/uploads\/2025\/10\/Grupa-Tuismitheoiri-Leanai-Samhain.png","contentUrl":"https:\/\/gleg.ie\/wp-content\/uploads\/2025\/10\/Grupa-Tuismitheoiri-Leanai-Samhain.png","width":1080,"height":1350},{"@type":"BreadcrumbList","@id":"https:\/\/gleg.ie\/grupa-tuismitheoiri-leanai-2\/#breadcrumb","itemListElement":[{"@type":"ListItem","position":1,"name":"Home","item":"https:\/\/gleg.ie\/english\/"},{"@type":"ListItem","position":2,"name":"Gr\u00fapa Tuismitheoir\u00ed &amp; Leana\u00ed"}]},{"@type":"WebSite","@id":"https:\/\/gleg.ie\/#website","url":"https:\/\/gleg.ie\/","name":"Gaillimh Le Gaeilge","description":"Gaillimh le Gaeilge, An Ghaeilge i nGaillimh, Irish language and culture in Galway, Gaeilge sa Ghn\u00f3, Irish in Business","potentialAction":[{"@type":"SearchAction","target":{"@type":"EntryPoint","urlTemplate":"https:\/\/gleg.ie\/?s={search_term_string}"},"query-input":{"@type":"PropertyValueSpecification","valueRequired":true,"valueName":"search_term_string"}}],"inLanguage":"ga-IE"},{"@type":"Person","@id":"https:\/\/gleg.ie\/#\/schema\/person\/4854a63d041e654c144c259f1e6f8711","name":"Gearoidin Hynes","image":{"@type":"ImageObject","inLanguage":"ga-IE","@id":"https:\/\/secure.gravatar.com\/avatar\/37955fa00a01df957233031eca30f8b2db2cbb99f8e15f147db43919e6bd374c?s=96&d=mm&r=g","url":"https:\/\/secure.gravatar.com\/avatar\/37955fa00a01df957233031eca30f8b2db2cbb99f8e15f147db43919e6bd374c?s=96&d=mm&r=g","contentUrl":"https:\/\/secure.gravatar.com\/avatar\/37955fa00a01df957233031eca30f8b2db2cbb99f8e15f147db43919e6bd374c?s=96&d=mm&r=g","caption":"Gearoidin Hynes"},"url":"https:\/\/gleg.ie\/gaeilge\/author\/gearoidin\/"}]}},"featured_image_src":"https:\/\/gleg.ie\/wp-content\/uploads\/2025\/10\/Grupa-Tuismitheoiri-Leanai-Samhain-600x400.png","featured_image_src_square":"https:\/\/gleg.ie\/wp-content\/uploads\/2025\/10\/Grupa-Tuismitheoiri-Leanai-Samhain-600x600.png","author_info":{"display_name":"Gearoidin Hynes","author_link":"https:\/\/gleg.ie\/gaeilge\/author\/gearoidin\/"},"_links":{"self":[{"href":"https:\/\/gleg.ie\/gaeilge\/wp-json\/wp\/v2\/posts\/29987","targetHints":{"allow":["GET"]}}],"collection":[{"href":"https:\/\/gleg.ie\/gaeilge\/wp-json\/wp\/v2\/posts"}],"about":[{"href":"https:\/\/gleg.ie\/gaeilge\/wp-json\/wp\/v2\/types\/post"}],"author":[{"embeddable":true,"href":"https:\/\/gleg.ie\/gaeilge\/wp-json\/wp\/v2\/users\/9"}],"replies":[{"embeddable":true,"href":"https:\/\/gleg.ie\/gaeilge\/wp-json\/wp\/v2\/comments?post=29987"}],"version-history":[{"count":0,"href":"https:\/\/gleg.ie\/gaeilge\/wp-json\/wp\/v2\/posts\/29987\/revisions"}],"wp:featuredmedia":[{"embeddable":true,"href":"https:\/\/gleg.ie\/gaeilge\/wp-json\/wp\/v2\/media\/29988"}],"wp:attachment":[{"href":"https:\/\/gleg.ie\/gaeilge\/wp-json\/wp\/v2\/media?parent=29987"}],"wp:term":[{"taxonomy":"category","embeddable":true,"href":"https:\/\/gleg.ie\/gaeilge\/wp-json\/wp\/v2\/categories?post=29987"},{"taxonomy":"post_tag","embeddable":true,"href":"https:\/\/gleg.ie\/gaeilge\/wp-json\/wp\/v2\/tags?post=29987"}],"curies":[{"name":"wp","href":"https:\/\/api.w.org\/{rel}","templated":true}]}}