{"id":30010,"date":"2025-11-11T11:02:09","date_gmt":"2025-11-11T11:02:09","guid":{"rendered":"https:\/\/gleg.ie\/?p=30010"},"modified":"2025-11-11T11:02:09","modified_gmt":"2025-11-11T11:02:09","slug":"maidin-chaife-sa-leabharlann","status":"publish","type":"post","link":"https:\/\/gleg.ie\/gaeilge\/maidin-chaife-sa-leabharlann\/","title":{"rendered":"Maidin Chaife sa Leabharlann"},"content":{"rendered":"<p><\/p>\n\n\n\n<p>eidh an mhaidin chaif\u00e9 ar si\u00fal an Ch\u00e9adaoin bheag seo i Leabharlann Chathair na Gaillimhe<\/p>\n\n\n\n<p>Our monthly coffee morning will take place in Galway City Library <\/p>\n\n\n\n<p><img loading=\"lazy\" decoding=\"async\" height=\"16\" width=\"16\" src=\"https:\/\/static.xx.fbcdn.net\/images\/emoji.php\/v9\/t7e\/1\/16\/1f4c5.png\" alt=\"\ud83d\udcc5\"> D\u00e9 C\u00e9adaoin, 12 Samhain | Wednesday, 12th November<\/p>\n\n\n\n<p><img loading=\"lazy\" decoding=\"async\" height=\"16\" width=\"16\" alt=\"\ud83d\udd50\" src=\"https:\/\/static.xx.fbcdn.net\/images\/emoji.php\/v9\/ta8\/1\/16\/1f550.png\"> 11:00am \u2013 12:00pm<\/p>\n\n\n\n<p><img loading=\"lazy\" decoding=\"async\" height=\"16\" width=\"16\" alt=\"\ud83d\udccd\" src=\"https:\/\/static.xx.fbcdn.net\/images\/emoji.php\/v9\/t2d\/1\/16\/1f4cd.png\"> Leabharlann Chathair na Gaillimhe, Sr\u00e1id Naomh Aibhist\u00edn, H91R6WF<\/p>\n\n\n\n<p>Cuirimid f\u00e1ilte mh\u00f3r roimh fhoghlaimeoir\u00ed agus roimh dhaoine gur mhaith leo a gcuid Gaeilge a chleachtadh. <\/p>\n\n\n\n<p>We welcome learners and those who wish to practice their Irish <\/p>\n\n\n\n<p><img loading=\"lazy\" decoding=\"async\" height=\"16\" width=\"16\" alt=\"\ud83d\udce9\" src=\"https:\/\/static.xx.fbcdn.net\/images\/emoji.php\/v9\/tc0\/1\/16\/1f4e9.png\"> Tuilleadh eolais: opt@gleg.ie<\/p>\n\n\n\n<figure class=\"wp-block-image size-large\"><img loading=\"lazy\" decoding=\"async\" width=\"819\" height=\"1024\" src=\"https:\/\/gleg.ie\/wp-content\/uploads\/2025\/11\/Postaer-Samhain-819x1024.png\" alt=\"\" class=\"wp-image-30012\"\/><\/figure>","protected":false},"excerpt":{"rendered":"<p>eidh an mhaidin chaif\u00e9 ar si\u00fal an Ch\u00e9adaoin bheag seo i Leabharlann Chathair na Gaillimhe Our monthly coffee morning will take place in Galway City Library D\u00e9 C\u00e9adaoin, 12 Samhain | Wednesday, 12th November 11:00am \u2013 12:00pm Leabharlann Chathair na Gaillimhe, Sr\u00e1id Naomh Aibhist\u00edn, H91R6WF Cuirimid f\u00e1ilte mh\u00f3r roimh fhoghlaimeoir\u00ed agus roimh dhaoine gur mhaith [&hellip;]<\/p>\n","protected":false},"author":9,"featured_media":30012,"comment_status":"open","ping_status":"open","sticky":false,"template":"","format":"standard","meta":{"_acf_changed":false,"_et_pb_use_builder":"off","_et_pb_old_content":"","_et_gb_content_width":"","footnotes":""},"categories":[1],"tags":[],"class_list":["post-30010","post","type-post","status-publish","format-standard","has-post-thumbnail","hentry","category-uncategorized"],"acf":[],"yoast_head":"<!-- This site is optimized with the Yoast SEO plugin v27.5 - https:\/\/yoast.com\/product\/yoast-seo-wordpress\/ -->\n<title>Maidin Chaife sa Leabharlann - Gaillimh Le Gaeilge<\/title>\n<meta name=\"robots\" content=\"index, follow, max-snippet:-1, max-image-preview:large, max-video-preview:-1\" \/>\n<link rel=\"canonical\" href=\"https:\/\/gleg.ie\/gaeilge\/maidin-chaife-sa-leabharlann\/\" \/>\n<meta property=\"og:locale\" content=\"ga_IE\" \/>\n<meta property=\"og:type\" content=\"article\" \/>\n<meta property=\"og:title\" content=\"Maidin Chaife sa Leabharlann - Gaillimh Le Gaeilge\" \/>\n<meta property=\"og:description\" content=\"eidh an mhaidin chaif\u00e9 ar si\u00fal an Ch\u00e9adaoin bheag seo i Leabharlann Chathair na Gaillimhe Our monthly coffee morning will take place in Galway City Library D\u00e9 C\u00e9adaoin, 12 Samhain | Wednesday, 12th November 11:00am \u2013 12:00pm Leabharlann Chathair na Gaillimhe, Sr\u00e1id Naomh Aibhist\u00edn, H91R6WF Cuirimid f\u00e1ilte mh\u00f3r roimh fhoghlaimeoir\u00ed agus roimh dhaoine gur mhaith [&hellip;]\" \/>\n<meta property=\"og:url\" content=\"https:\/\/gleg.ie\/gaeilge\/maidin-chaife-sa-leabharlann\/\" \/>\n<meta property=\"og:site_name\" content=\"Gaillimh Le Gaeilge\" \/>\n<meta property=\"article:published_time\" content=\"2025-11-11T11:02:09+00:00\" \/>\n<meta property=\"og:image\" content=\"https:\/\/static.xx.fbcdn.net\/images\/emoji.php\/v9\/t7e\/1\/16\/1f4c5.png\" \/>\n<meta name=\"author\" content=\"Gearoidin Hynes\" \/>\n<meta name=\"twitter:card\" content=\"summary_large_image\" \/>\n<meta name=\"twitter:label1\" content=\"Written by\" \/>\n\t<meta name=\"twitter:data1\" content=\"Gearoidin Hynes\" \/>\n<script type=\"application\/ld+json\" class=\"yoast-schema-graph\">{\"@context\":\"https:\\\/\\\/schema.org\",\"@graph\":[{\"@type\":\"Article\",\"@id\":\"https:\\\/\\\/gleg.ie\\\/maidin-chaife-sa-leabharlann\\\/#article\",\"isPartOf\":{\"@id\":\"https:\\\/\\\/gleg.ie\\\/maidin-chaife-sa-leabharlann\\\/\"},\"author\":{\"name\":\"Gearoidin Hynes\",\"@id\":\"https:\\\/\\\/gleg.ie\\\/#\\\/schema\\\/person\\\/4854a63d041e654c144c259f1e6f8711\"},\"headline\":\"Maidin Chaife sa Leabharlann\",\"datePublished\":\"2025-11-11T11:02:09+00:00\",\"mainEntityOfPage\":{\"@id\":\"https:\\\/\\\/gleg.ie\\\/maidin-chaife-sa-leabharlann\\\/\"},\"wordCount\":87,\"commentCount\":0,\"image\":{\"@id\":\"https:\\\/\\\/gleg.ie\\\/maidin-chaife-sa-leabharlann\\\/#primaryimage\"},\"thumbnailUrl\":\"https:\\\/\\\/gleg.ie\\\/wp-content\\\/uploads\\\/2025\\\/11\\\/Postaer-Samhain.png\",\"articleSection\":[\"uncategorized\"],\"inLanguage\":\"ga-IE\",\"potentialAction\":[{\"@type\":\"CommentAction\",\"name\":\"Comment\",\"target\":[\"https:\\\/\\\/gleg.ie\\\/maidin-chaife-sa-leabharlann\\\/#respond\"]}]},{\"@type\":\"WebPage\",\"@id\":\"https:\\\/\\\/gleg.ie\\\/maidin-chaife-sa-leabharlann\\\/\",\"url\":\"https:\\\/\\\/gleg.ie\\\/maidin-chaife-sa-leabharlann\\\/\",\"name\":\"Maidin Chaife sa Leabharlann - Gaillimh Le Gaeilge\",\"isPartOf\":{\"@id\":\"https:\\\/\\\/gleg.ie\\\/#website\"},\"primaryImageOfPage\":{\"@id\":\"https:\\\/\\\/gleg.ie\\\/maidin-chaife-sa-leabharlann\\\/#primaryimage\"},\"image\":{\"@id\":\"https:\\\/\\\/gleg.ie\\\/maidin-chaife-sa-leabharlann\\\/#primaryimage\"},\"thumbnailUrl\":\"https:\\\/\\\/gleg.ie\\\/wp-content\\\/uploads\\\/2025\\\/11\\\/Postaer-Samhain.png\",\"datePublished\":\"2025-11-11T11:02:09+00:00\",\"author\":{\"@id\":\"https:\\\/\\\/gleg.ie\\\/#\\\/schema\\\/person\\\/4854a63d041e654c144c259f1e6f8711\"},\"breadcrumb\":{\"@id\":\"https:\\\/\\\/gleg.ie\\\/maidin-chaife-sa-leabharlann\\\/#breadcrumb\"},\"inLanguage\":\"ga-IE\",\"potentialAction\":[{\"@type\":\"ReadAction\",\"target\":[\"https:\\\/\\\/gleg.ie\\\/maidin-chaife-sa-leabharlann\\\/\"]}]},{\"@type\":\"ImageObject\",\"inLanguage\":\"ga-IE\",\"@id\":\"https:\\\/\\\/gleg.ie\\\/maidin-chaife-sa-leabharlann\\\/#primaryimage\",\"url\":\"https:\\\/\\\/gleg.ie\\\/wp-content\\\/uploads\\\/2025\\\/11\\\/Postaer-Samhain.png\",\"contentUrl\":\"https:\\\/\\\/gleg.ie\\\/wp-content\\\/uploads\\\/2025\\\/11\\\/Postaer-Samhain.png\",\"width\":1080,\"height\":1350},{\"@type\":\"BreadcrumbList\",\"@id\":\"https:\\\/\\\/gleg.ie\\\/maidin-chaife-sa-leabharlann\\\/#breadcrumb\",\"itemListElement\":[{\"@type\":\"ListItem\",\"position\":1,\"name\":\"Home\",\"item\":\"https:\\\/\\\/gleg.ie\\\/english\\\/\"},{\"@type\":\"ListItem\",\"position\":2,\"name\":\"Maidin Chaife sa Leabharlann\"}]},{\"@type\":\"WebSite\",\"@id\":\"https:\\\/\\\/gleg.ie\\\/#website\",\"url\":\"https:\\\/\\\/gleg.ie\\\/\",\"name\":\"Gaillimh Le Gaeilge\",\"description\":\"Gaillimh le Gaeilge, An Ghaeilge i nGaillimh, Irish language and culture in Galway, Gaeilge sa Ghn\u00f3, Irish in Business\",\"potentialAction\":[{\"@type\":\"SearchAction\",\"target\":{\"@type\":\"EntryPoint\",\"urlTemplate\":\"https:\\\/\\\/gleg.ie\\\/?s={search_term_string}\"},\"query-input\":{\"@type\":\"PropertyValueSpecification\",\"valueRequired\":true,\"valueName\":\"search_term_string\"}}],\"inLanguage\":\"ga-IE\"},{\"@type\":\"Person\",\"@id\":\"https:\\\/\\\/gleg.ie\\\/#\\\/schema\\\/person\\\/4854a63d041e654c144c259f1e6f8711\",\"name\":\"Gearoidin Hynes\",\"image\":{\"@type\":\"ImageObject\",\"inLanguage\":\"ga-IE\",\"@id\":\"https:\\\/\\\/secure.gravatar.com\\\/avatar\\\/37955fa00a01df957233031eca30f8b2db2cbb99f8e15f147db43919e6bd374c?s=96&d=mm&r=g\",\"url\":\"https:\\\/\\\/secure.gravatar.com\\\/avatar\\\/37955fa00a01df957233031eca30f8b2db2cbb99f8e15f147db43919e6bd374c?s=96&d=mm&r=g\",\"contentUrl\":\"https:\\\/\\\/secure.gravatar.com\\\/avatar\\\/37955fa00a01df957233031eca30f8b2db2cbb99f8e15f147db43919e6bd374c?s=96&d=mm&r=g\",\"caption\":\"Gearoidin Hynes\"},\"url\":\"https:\\\/\\\/gleg.ie\\\/gaeilge\\\/author\\\/gearoidin\\\/\"}]}<\/script>\n<!-- \/ Yoast SEO plugin. -->","yoast_head_json":{"title":"Maidin Chaife sa Leabharlann - Gaillimh Le Gaeilge","robots":{"index":"index","follow":"follow","max-snippet":"max-snippet:-1","max-image-preview":"max-image-preview:large","max-video-preview":"max-video-preview:-1"},"canonical":"https:\/\/gleg.ie\/gaeilge\/maidin-chaife-sa-leabharlann\/","og_locale":"ga_IE","og_type":"article","og_title":"Maidin Chaife sa Leabharlann - Gaillimh Le Gaeilge","og_description":"eidh an mhaidin chaif\u00e9 ar si\u00fal an Ch\u00e9adaoin bheag seo i Leabharlann Chathair na Gaillimhe Our monthly coffee morning will take place in Galway City Library D\u00e9 C\u00e9adaoin, 12 Samhain | Wednesday, 12th November 11:00am \u2013 12:00pm Leabharlann Chathair na Gaillimhe, Sr\u00e1id Naomh Aibhist\u00edn, H91R6WF Cuirimid f\u00e1ilte mh\u00f3r roimh fhoghlaimeoir\u00ed agus roimh dhaoine gur mhaith [&hellip;]","og_url":"https:\/\/gleg.ie\/gaeilge\/maidin-chaife-sa-leabharlann\/","og_site_name":"Gaillimh Le Gaeilge","article_published_time":"2025-11-11T11:02:09+00:00","og_image":[{"url":"https:\/\/static.xx.fbcdn.net\/images\/emoji.php\/v9\/t7e\/1\/16\/1f4c5.png","type":"","width":"","height":""}],"author":"Gearoidin Hynes","twitter_card":"summary_large_image","twitter_misc":{"Written by":"Gearoidin Hynes"},"schema":{"@context":"https:\/\/schema.org","@graph":[{"@type":"Article","@id":"https:\/\/gleg.ie\/maidin-chaife-sa-leabharlann\/#article","isPartOf":{"@id":"https:\/\/gleg.ie\/maidin-chaife-sa-leabharlann\/"},"author":{"name":"Gearoidin Hynes","@id":"https:\/\/gleg.ie\/#\/schema\/person\/4854a63d041e654c144c259f1e6f8711"},"headline":"Maidin Chaife sa Leabharlann","datePublished":"2025-11-11T11:02:09+00:00","mainEntityOfPage":{"@id":"https:\/\/gleg.ie\/maidin-chaife-sa-leabharlann\/"},"wordCount":87,"commentCount":0,"image":{"@id":"https:\/\/gleg.ie\/maidin-chaife-sa-leabharlann\/#primaryimage"},"thumbnailUrl":"https:\/\/gleg.ie\/wp-content\/uploads\/2025\/11\/Postaer-Samhain.png","articleSection":["uncategorized"],"inLanguage":"ga-IE","potentialAction":[{"@type":"CommentAction","name":"Comment","target":["https:\/\/gleg.ie\/maidin-chaife-sa-leabharlann\/#respond"]}]},{"@type":"WebPage","@id":"https:\/\/gleg.ie\/maidin-chaife-sa-leabharlann\/","url":"https:\/\/gleg.ie\/maidin-chaife-sa-leabharlann\/","name":"Maidin Chaife sa Leabharlann - Gaillimh Le Gaeilge","isPartOf":{"@id":"https:\/\/gleg.ie\/#website"},"primaryImageOfPage":{"@id":"https:\/\/gleg.ie\/maidin-chaife-sa-leabharlann\/#primaryimage"},"image":{"@id":"https:\/\/gleg.ie\/maidin-chaife-sa-leabharlann\/#primaryimage"},"thumbnailUrl":"https:\/\/gleg.ie\/wp-content\/uploads\/2025\/11\/Postaer-Samhain.png","datePublished":"2025-11-11T11:02:09+00:00","author":{"@id":"https:\/\/gleg.ie\/#\/schema\/person\/4854a63d041e654c144c259f1e6f8711"},"breadcrumb":{"@id":"https:\/\/gleg.ie\/maidin-chaife-sa-leabharlann\/#breadcrumb"},"inLanguage":"ga-IE","potentialAction":[{"@type":"ReadAction","target":["https:\/\/gleg.ie\/maidin-chaife-sa-leabharlann\/"]}]},{"@type":"ImageObject","inLanguage":"ga-IE","@id":"https:\/\/gleg.ie\/maidin-chaife-sa-leabharlann\/#primaryimage","url":"https:\/\/gleg.ie\/wp-content\/uploads\/2025\/11\/Postaer-Samhain.png","contentUrl":"https:\/\/gleg.ie\/wp-content\/uploads\/2025\/11\/Postaer-Samhain.png","width":1080,"height":1350},{"@type":"BreadcrumbList","@id":"https:\/\/gleg.ie\/maidin-chaife-sa-leabharlann\/#breadcrumb","itemListElement":[{"@type":"ListItem","position":1,"name":"Home","item":"https:\/\/gleg.ie\/english\/"},{"@type":"ListItem","position":2,"name":"Maidin Chaife sa Leabharlann"}]},{"@type":"WebSite","@id":"https:\/\/gleg.ie\/#website","url":"https:\/\/gleg.ie\/","name":"Gaillimh Le Gaeilge","description":"Gaillimh le Gaeilge, An Ghaeilge i nGaillimh, Irish language and culture in Galway, Gaeilge sa Ghn\u00f3, Irish in Business","potentialAction":[{"@type":"SearchAction","target":{"@type":"EntryPoint","urlTemplate":"https:\/\/gleg.ie\/?s={search_term_string}"},"query-input":{"@type":"PropertyValueSpecification","valueRequired":true,"valueName":"search_term_string"}}],"inLanguage":"ga-IE"},{"@type":"Person","@id":"https:\/\/gleg.ie\/#\/schema\/person\/4854a63d041e654c144c259f1e6f8711","name":"Gearoidin Hynes","image":{"@type":"ImageObject","inLanguage":"ga-IE","@id":"https:\/\/secure.gravatar.com\/avatar\/37955fa00a01df957233031eca30f8b2db2cbb99f8e15f147db43919e6bd374c?s=96&d=mm&r=g","url":"https:\/\/secure.gravatar.com\/avatar\/37955fa00a01df957233031eca30f8b2db2cbb99f8e15f147db43919e6bd374c?s=96&d=mm&r=g","contentUrl":"https:\/\/secure.gravatar.com\/avatar\/37955fa00a01df957233031eca30f8b2db2cbb99f8e15f147db43919e6bd374c?s=96&d=mm&r=g","caption":"Gearoidin Hynes"},"url":"https:\/\/gleg.ie\/gaeilge\/author\/gearoidin\/"}]}},"featured_image_src":"https:\/\/gleg.ie\/wp-content\/uploads\/2025\/11\/Postaer-Samhain-600x400.png","featured_image_src_square":"https:\/\/gleg.ie\/wp-content\/uploads\/2025\/11\/Postaer-Samhain-600x600.png","author_info":{"display_name":"Gearoidin Hynes","author_link":"https:\/\/gleg.ie\/gaeilge\/author\/gearoidin\/"},"_links":{"self":[{"href":"https:\/\/gleg.ie\/gaeilge\/wp-json\/wp\/v2\/posts\/30010","targetHints":{"allow":["GET"]}}],"collection":[{"href":"https:\/\/gleg.ie\/gaeilge\/wp-json\/wp\/v2\/posts"}],"about":[{"href":"https:\/\/gleg.ie\/gaeilge\/wp-json\/wp\/v2\/types\/post"}],"author":[{"embeddable":true,"href":"https:\/\/gleg.ie\/gaeilge\/wp-json\/wp\/v2\/users\/9"}],"replies":[{"embeddable":true,"href":"https:\/\/gleg.ie\/gaeilge\/wp-json\/wp\/v2\/comments?post=30010"}],"version-history":[{"count":0,"href":"https:\/\/gleg.ie\/gaeilge\/wp-json\/wp\/v2\/posts\/30010\/revisions"}],"wp:featuredmedia":[{"embeddable":true,"href":"https:\/\/gleg.ie\/gaeilge\/wp-json\/wp\/v2\/media\/30012"}],"wp:attachment":[{"href":"https:\/\/gleg.ie\/gaeilge\/wp-json\/wp\/v2\/media?parent=30010"}],"wp:term":[{"taxonomy":"category","embeddable":true,"href":"https:\/\/gleg.ie\/gaeilge\/wp-json\/wp\/v2\/categories?post=30010"},{"taxonomy":"post_tag","embeddable":true,"href":"https:\/\/gleg.ie\/gaeilge\/wp-json\/wp\/v2\/tags?post=30010"}],"curies":[{"name":"wp","href":"https:\/\/api.w.org\/{rel}","templated":true}]}}