{"id":30173,"date":"2026-03-26T14:46:39","date_gmt":"2026-03-26T14:46:39","guid":{"rendered":"https:\/\/gleg.ie\/?p=30173"},"modified":"2026-03-26T14:46:39","modified_gmt":"2026-03-26T14:46:39","slug":"grupa-tuismitheoiri-leanai-3","status":"publish","type":"post","link":"https:\/\/gleg.ie\/gaeilge\/grupa-tuismitheoiri-leanai-3\/","title":{"rendered":"Gr\u00fapa Tuismitheoir\u00ed &amp; Leana\u00ed"},"content":{"rendered":"<p>Beidh Gr\u00fapa Tuismitheoir\u00ed &amp; Leana\u00ed le Julie Anne de Br\u00fan\u00a0ar si\u00fal an Satharn beag seo!\u00a0<br><br>T\u00e1 an tseirbh\u00eds seo oiri\u00fanach do ph\u00e1ist\u00ed \u00f3 0\u20135 bliana d\u2019aois agus t\u00e1 s\u00ed saor in aisce!\u00a0<img decoding=\"async\" src=\"https:\/\/static.xx.fbcdn.net\/images\/emoji.php\/v9\/tfd\/1\/16\/1f64c.png\" alt=\"\ud83d\ude4c\"><br><br>****<br><br>The Irish Language Parent, Toddler &amp; Early Childhood Group is on this Saturday!\u00a0<br><br>This group is suitable for children aged 0\u20135 years and is free of charge!\u00a0<img decoding=\"async\" src=\"https:\/\/static.xx.fbcdn.net\/images\/emoji.php\/v9\/tfd\/1\/16\/1f64c.png\" alt=\"\ud83d\ude4c\"><br><strong>\u00a0<\/strong><\/p>\n\n\n\n<p><\/p>\n\n\n\n<p><strong>Satharn, 28 Marta|\u00a028th March<br>\u00a011:30 \u2013 12:30<br>\u00a0Leabharlann an Taoibh Thiar, Cathair na Gaillimhe |\u00a0<a href=\"https:\/\/www.facebook.com\/WestsideLibrary?__tn__=-]K*F\">Westside Public Library<\/a><\/strong><\/p>\n\n\n\n<p><\/p>\n\n\n\n<figure class=\"wp-block-image size-large\"><img loading=\"lazy\" decoding=\"async\" width=\"819\" height=\"1024\" src=\"https:\/\/gleg.ie\/wp-content\/uploads\/2026\/03\/Grupa-Tuismitheoiri-agus-Leanai-Marta-2-819x1024.png\" alt=\"\" class=\"wp-image-30175\"\/><\/figure>","protected":false},"excerpt":{"rendered":"<p>Beidh Gr\u00fapa Tuismitheoir\u00ed &amp; Leana\u00ed le Julie Anne de Br\u00fan\u00a0ar si\u00fal an Satharn beag seo!\u00a0 T\u00e1 an tseirbh\u00eds seo oiri\u00fanach do ph\u00e1ist\u00ed \u00f3 0\u20135 bliana d\u2019aois agus t\u00e1 s\u00ed saor in aisce!\u00a0 **** The Irish Language Parent, Toddler &amp; Early Childhood Group is on this Saturday!\u00a0 This group is suitable for children aged 0\u20135 years [&hellip;]<\/p>\n","protected":false},"author":9,"featured_media":30174,"comment_status":"open","ping_status":"open","sticky":false,"template":"","format":"standard","meta":{"_acf_changed":false,"_et_pb_use_builder":"off","_et_pb_old_content":"","_et_gb_content_width":"","footnotes":""},"categories":[31,46,47],"tags":[],"class_list":["post-30173","post","type-post","status-publish","format-standard","has-post-thumbnail","hentry","category-events","category-gaeilge-sa-ghno","category-plean-teanga"],"acf":[],"yoast_head":"<!-- This site is optimized with the Yoast SEO plugin v27.5 - https:\/\/yoast.com\/product\/yoast-seo-wordpress\/ -->\n<title>Gr\u00fapa Tuismitheoir\u00ed &amp; Leana\u00ed - Gaillimh Le Gaeilge<\/title>\n<meta name=\"robots\" content=\"index, follow, max-snippet:-1, max-image-preview:large, max-video-preview:-1\" \/>\n<link rel=\"canonical\" href=\"https:\/\/gleg.ie\/gaeilge\/grupa-tuismitheoiri-leanai-3\/\" \/>\n<meta property=\"og:locale\" content=\"ga_IE\" \/>\n<meta property=\"og:type\" content=\"article\" \/>\n<meta property=\"og:title\" content=\"Gr\u00fapa Tuismitheoir\u00ed &amp; Leana\u00ed - Gaillimh Le Gaeilge\" \/>\n<meta property=\"og:description\" content=\"Beidh Gr\u00fapa Tuismitheoir\u00ed &amp; Leana\u00ed le Julie Anne de Br\u00fan\u00a0ar si\u00fal an Satharn beag seo!\u00a0 T\u00e1 an tseirbh\u00eds seo oiri\u00fanach do ph\u00e1ist\u00ed \u00f3 0\u20135 bliana d\u2019aois agus t\u00e1 s\u00ed saor in aisce!\u00a0 **** The Irish Language Parent, Toddler &amp; Early Childhood Group is on this Saturday!\u00a0 This group is suitable for children aged 0\u20135 years [&hellip;]\" \/>\n<meta property=\"og:url\" content=\"https:\/\/gleg.ie\/gaeilge\/grupa-tuismitheoiri-leanai-3\/\" \/>\n<meta property=\"og:site_name\" content=\"Gaillimh Le Gaeilge\" \/>\n<meta property=\"article:published_time\" content=\"2026-03-26T14:46:39+00:00\" \/>\n<meta property=\"og:image\" content=\"https:\/\/static.xx.fbcdn.net\/images\/emoji.php\/v9\/tfd\/1\/16\/1f64c.png\" \/>\n<meta name=\"author\" content=\"Gearoidin Hynes\" \/>\n<meta name=\"twitter:card\" content=\"summary_large_image\" \/>\n<meta name=\"twitter:label1\" content=\"Written by\" \/>\n\t<meta name=\"twitter:data1\" content=\"Gearoidin Hynes\" \/>\n<script type=\"application\/ld+json\" class=\"yoast-schema-graph\">{\"@context\":\"https:\\\/\\\/schema.org\",\"@graph\":[{\"@type\":\"Article\",\"@id\":\"https:\\\/\\\/gleg.ie\\\/grupa-tuismitheoiri-leanai-3\\\/#article\",\"isPartOf\":{\"@id\":\"https:\\\/\\\/gleg.ie\\\/grupa-tuismitheoiri-leanai-3\\\/\"},\"author\":{\"name\":\"Gearoidin Hynes\",\"@id\":\"https:\\\/\\\/gleg.ie\\\/#\\\/schema\\\/person\\\/4854a63d041e654c144c259f1e6f8711\"},\"headline\":\"Gr\u00fapa Tuismitheoir\u00ed &amp; Leana\u00ed\",\"datePublished\":\"2026-03-26T14:46:39+00:00\",\"mainEntityOfPage\":{\"@id\":\"https:\\\/\\\/gleg.ie\\\/grupa-tuismitheoiri-leanai-3\\\/\"},\"wordCount\":83,\"commentCount\":0,\"image\":{\"@id\":\"https:\\\/\\\/gleg.ie\\\/grupa-tuismitheoiri-leanai-3\\\/#primaryimage\"},\"thumbnailUrl\":\"https:\\\/\\\/gleg.ie\\\/wp-content\\\/uploads\\\/2017\\\/01\\\/Grupa-Tuismitheoiri-agus-Leanai-Marta-2.png\",\"articleSection\":[\"Events\",\"Gaeilge sa Ghn\u00f3\",\"Plean Teanga\"],\"inLanguage\":\"ga-IE\",\"potentialAction\":[{\"@type\":\"CommentAction\",\"name\":\"Comment\",\"target\":[\"https:\\\/\\\/gleg.ie\\\/grupa-tuismitheoiri-leanai-3\\\/#respond\"]}]},{\"@type\":\"WebPage\",\"@id\":\"https:\\\/\\\/gleg.ie\\\/grupa-tuismitheoiri-leanai-3\\\/\",\"url\":\"https:\\\/\\\/gleg.ie\\\/grupa-tuismitheoiri-leanai-3\\\/\",\"name\":\"Gr\u00fapa Tuismitheoir\u00ed &amp; Leana\u00ed - Gaillimh Le Gaeilge\",\"isPartOf\":{\"@id\":\"https:\\\/\\\/gleg.ie\\\/#website\"},\"primaryImageOfPage\":{\"@id\":\"https:\\\/\\\/gleg.ie\\\/grupa-tuismitheoiri-leanai-3\\\/#primaryimage\"},\"image\":{\"@id\":\"https:\\\/\\\/gleg.ie\\\/grupa-tuismitheoiri-leanai-3\\\/#primaryimage\"},\"thumbnailUrl\":\"https:\\\/\\\/gleg.ie\\\/wp-content\\\/uploads\\\/2017\\\/01\\\/Grupa-Tuismitheoiri-agus-Leanai-Marta-2.png\",\"datePublished\":\"2026-03-26T14:46:39+00:00\",\"author\":{\"@id\":\"https:\\\/\\\/gleg.ie\\\/#\\\/schema\\\/person\\\/4854a63d041e654c144c259f1e6f8711\"},\"breadcrumb\":{\"@id\":\"https:\\\/\\\/gleg.ie\\\/grupa-tuismitheoiri-leanai-3\\\/#breadcrumb\"},\"inLanguage\":\"ga-IE\",\"potentialAction\":[{\"@type\":\"ReadAction\",\"target\":[\"https:\\\/\\\/gleg.ie\\\/grupa-tuismitheoiri-leanai-3\\\/\"]}]},{\"@type\":\"ImageObject\",\"inLanguage\":\"ga-IE\",\"@id\":\"https:\\\/\\\/gleg.ie\\\/grupa-tuismitheoiri-leanai-3\\\/#primaryimage\",\"url\":\"https:\\\/\\\/gleg.ie\\\/wp-content\\\/uploads\\\/2017\\\/01\\\/Grupa-Tuismitheoiri-agus-Leanai-Marta-2.png\",\"contentUrl\":\"https:\\\/\\\/gleg.ie\\\/wp-content\\\/uploads\\\/2017\\\/01\\\/Grupa-Tuismitheoiri-agus-Leanai-Marta-2.png\",\"width\":1080,\"height\":1350},{\"@type\":\"BreadcrumbList\",\"@id\":\"https:\\\/\\\/gleg.ie\\\/grupa-tuismitheoiri-leanai-3\\\/#breadcrumb\",\"itemListElement\":[{\"@type\":\"ListItem\",\"position\":1,\"name\":\"Home\",\"item\":\"https:\\\/\\\/gleg.ie\\\/english\\\/\"},{\"@type\":\"ListItem\",\"position\":2,\"name\":\"Gr\u00fapa Tuismitheoir\u00ed &amp; Leana\u00ed\"}]},{\"@type\":\"WebSite\",\"@id\":\"https:\\\/\\\/gleg.ie\\\/#website\",\"url\":\"https:\\\/\\\/gleg.ie\\\/\",\"name\":\"Gaillimh Le Gaeilge\",\"description\":\"Gaillimh le Gaeilge, An Ghaeilge i nGaillimh, Irish language and culture in Galway, Gaeilge sa Ghn\u00f3, Irish in Business\",\"potentialAction\":[{\"@type\":\"SearchAction\",\"target\":{\"@type\":\"EntryPoint\",\"urlTemplate\":\"https:\\\/\\\/gleg.ie\\\/?s={search_term_string}\"},\"query-input\":{\"@type\":\"PropertyValueSpecification\",\"valueRequired\":true,\"valueName\":\"search_term_string\"}}],\"inLanguage\":\"ga-IE\"},{\"@type\":\"Person\",\"@id\":\"https:\\\/\\\/gleg.ie\\\/#\\\/schema\\\/person\\\/4854a63d041e654c144c259f1e6f8711\",\"name\":\"Gearoidin Hynes\",\"image\":{\"@type\":\"ImageObject\",\"inLanguage\":\"ga-IE\",\"@id\":\"https:\\\/\\\/secure.gravatar.com\\\/avatar\\\/37955fa00a01df957233031eca30f8b2db2cbb99f8e15f147db43919e6bd374c?s=96&d=mm&r=g\",\"url\":\"https:\\\/\\\/secure.gravatar.com\\\/avatar\\\/37955fa00a01df957233031eca30f8b2db2cbb99f8e15f147db43919e6bd374c?s=96&d=mm&r=g\",\"contentUrl\":\"https:\\\/\\\/secure.gravatar.com\\\/avatar\\\/37955fa00a01df957233031eca30f8b2db2cbb99f8e15f147db43919e6bd374c?s=96&d=mm&r=g\",\"caption\":\"Gearoidin Hynes\"},\"url\":\"https:\\\/\\\/gleg.ie\\\/gaeilge\\\/author\\\/gearoidin\\\/\"}]}<\/script>\n<!-- \/ Yoast SEO plugin. -->","yoast_head_json":{"title":"Gr\u00fapa Tuismitheoir\u00ed &amp; Leana\u00ed - Gaillimh Le Gaeilge","robots":{"index":"index","follow":"follow","max-snippet":"max-snippet:-1","max-image-preview":"max-image-preview:large","max-video-preview":"max-video-preview:-1"},"canonical":"https:\/\/gleg.ie\/gaeilge\/grupa-tuismitheoiri-leanai-3\/","og_locale":"ga_IE","og_type":"article","og_title":"Gr\u00fapa Tuismitheoir\u00ed &amp; Leana\u00ed - Gaillimh Le Gaeilge","og_description":"Beidh Gr\u00fapa Tuismitheoir\u00ed &amp; Leana\u00ed le Julie Anne de Br\u00fan\u00a0ar si\u00fal an Satharn beag seo!\u00a0 T\u00e1 an tseirbh\u00eds seo oiri\u00fanach do ph\u00e1ist\u00ed \u00f3 0\u20135 bliana d\u2019aois agus t\u00e1 s\u00ed saor in aisce!\u00a0 **** The Irish Language Parent, Toddler &amp; Early Childhood Group is on this Saturday!\u00a0 This group is suitable for children aged 0\u20135 years [&hellip;]","og_url":"https:\/\/gleg.ie\/gaeilge\/grupa-tuismitheoiri-leanai-3\/","og_site_name":"Gaillimh Le Gaeilge","article_published_time":"2026-03-26T14:46:39+00:00","og_image":[{"url":"https:\/\/static.xx.fbcdn.net\/images\/emoji.php\/v9\/tfd\/1\/16\/1f64c.png","type":"","width":"","height":""}],"author":"Gearoidin Hynes","twitter_card":"summary_large_image","twitter_misc":{"Written by":"Gearoidin Hynes"},"schema":{"@context":"https:\/\/schema.org","@graph":[{"@type":"Article","@id":"https:\/\/gleg.ie\/grupa-tuismitheoiri-leanai-3\/#article","isPartOf":{"@id":"https:\/\/gleg.ie\/grupa-tuismitheoiri-leanai-3\/"},"author":{"name":"Gearoidin Hynes","@id":"https:\/\/gleg.ie\/#\/schema\/person\/4854a63d041e654c144c259f1e6f8711"},"headline":"Gr\u00fapa Tuismitheoir\u00ed &amp; Leana\u00ed","datePublished":"2026-03-26T14:46:39+00:00","mainEntityOfPage":{"@id":"https:\/\/gleg.ie\/grupa-tuismitheoiri-leanai-3\/"},"wordCount":83,"commentCount":0,"image":{"@id":"https:\/\/gleg.ie\/grupa-tuismitheoiri-leanai-3\/#primaryimage"},"thumbnailUrl":"https:\/\/gleg.ie\/wp-content\/uploads\/2017\/01\/Grupa-Tuismitheoiri-agus-Leanai-Marta-2.png","articleSection":["Events","Gaeilge sa Ghn\u00f3","Plean Teanga"],"inLanguage":"ga-IE","potentialAction":[{"@type":"CommentAction","name":"Comment","target":["https:\/\/gleg.ie\/grupa-tuismitheoiri-leanai-3\/#respond"]}]},{"@type":"WebPage","@id":"https:\/\/gleg.ie\/grupa-tuismitheoiri-leanai-3\/","url":"https:\/\/gleg.ie\/grupa-tuismitheoiri-leanai-3\/","name":"Gr\u00fapa Tuismitheoir\u00ed &amp; Leana\u00ed - Gaillimh Le Gaeilge","isPartOf":{"@id":"https:\/\/gleg.ie\/#website"},"primaryImageOfPage":{"@id":"https:\/\/gleg.ie\/grupa-tuismitheoiri-leanai-3\/#primaryimage"},"image":{"@id":"https:\/\/gleg.ie\/grupa-tuismitheoiri-leanai-3\/#primaryimage"},"thumbnailUrl":"https:\/\/gleg.ie\/wp-content\/uploads\/2017\/01\/Grupa-Tuismitheoiri-agus-Leanai-Marta-2.png","datePublished":"2026-03-26T14:46:39+00:00","author":{"@id":"https:\/\/gleg.ie\/#\/schema\/person\/4854a63d041e654c144c259f1e6f8711"},"breadcrumb":{"@id":"https:\/\/gleg.ie\/grupa-tuismitheoiri-leanai-3\/#breadcrumb"},"inLanguage":"ga-IE","potentialAction":[{"@type":"ReadAction","target":["https:\/\/gleg.ie\/grupa-tuismitheoiri-leanai-3\/"]}]},{"@type":"ImageObject","inLanguage":"ga-IE","@id":"https:\/\/gleg.ie\/grupa-tuismitheoiri-leanai-3\/#primaryimage","url":"https:\/\/gleg.ie\/wp-content\/uploads\/2017\/01\/Grupa-Tuismitheoiri-agus-Leanai-Marta-2.png","contentUrl":"https:\/\/gleg.ie\/wp-content\/uploads\/2017\/01\/Grupa-Tuismitheoiri-agus-Leanai-Marta-2.png","width":1080,"height":1350},{"@type":"BreadcrumbList","@id":"https:\/\/gleg.ie\/grupa-tuismitheoiri-leanai-3\/#breadcrumb","itemListElement":[{"@type":"ListItem","position":1,"name":"Home","item":"https:\/\/gleg.ie\/english\/"},{"@type":"ListItem","position":2,"name":"Gr\u00fapa Tuismitheoir\u00ed &amp; Leana\u00ed"}]},{"@type":"WebSite","@id":"https:\/\/gleg.ie\/#website","url":"https:\/\/gleg.ie\/","name":"Gaillimh Le Gaeilge","description":"Gaillimh le Gaeilge, An Ghaeilge i nGaillimh, Irish language and culture in Galway, Gaeilge sa Ghn\u00f3, Irish in Business","potentialAction":[{"@type":"SearchAction","target":{"@type":"EntryPoint","urlTemplate":"https:\/\/gleg.ie\/?s={search_term_string}"},"query-input":{"@type":"PropertyValueSpecification","valueRequired":true,"valueName":"search_term_string"}}],"inLanguage":"ga-IE"},{"@type":"Person","@id":"https:\/\/gleg.ie\/#\/schema\/person\/4854a63d041e654c144c259f1e6f8711","name":"Gearoidin Hynes","image":{"@type":"ImageObject","inLanguage":"ga-IE","@id":"https:\/\/secure.gravatar.com\/avatar\/37955fa00a01df957233031eca30f8b2db2cbb99f8e15f147db43919e6bd374c?s=96&d=mm&r=g","url":"https:\/\/secure.gravatar.com\/avatar\/37955fa00a01df957233031eca30f8b2db2cbb99f8e15f147db43919e6bd374c?s=96&d=mm&r=g","contentUrl":"https:\/\/secure.gravatar.com\/avatar\/37955fa00a01df957233031eca30f8b2db2cbb99f8e15f147db43919e6bd374c?s=96&d=mm&r=g","caption":"Gearoidin Hynes"},"url":"https:\/\/gleg.ie\/gaeilge\/author\/gearoidin\/"}]}},"featured_image_src":"https:\/\/gleg.ie\/wp-content\/uploads\/2017\/01\/Grupa-Tuismitheoiri-agus-Leanai-Marta-2-600x400.png","featured_image_src_square":"https:\/\/gleg.ie\/wp-content\/uploads\/2017\/01\/Grupa-Tuismitheoiri-agus-Leanai-Marta-2-600x600.png","author_info":{"display_name":"Gearoidin Hynes","author_link":"https:\/\/gleg.ie\/gaeilge\/author\/gearoidin\/"},"_links":{"self":[{"href":"https:\/\/gleg.ie\/gaeilge\/wp-json\/wp\/v2\/posts\/30173","targetHints":{"allow":["GET"]}}],"collection":[{"href":"https:\/\/gleg.ie\/gaeilge\/wp-json\/wp\/v2\/posts"}],"about":[{"href":"https:\/\/gleg.ie\/gaeilge\/wp-json\/wp\/v2\/types\/post"}],"author":[{"embeddable":true,"href":"https:\/\/gleg.ie\/gaeilge\/wp-json\/wp\/v2\/users\/9"}],"replies":[{"embeddable":true,"href":"https:\/\/gleg.ie\/gaeilge\/wp-json\/wp\/v2\/comments?post=30173"}],"version-history":[{"count":0,"href":"https:\/\/gleg.ie\/gaeilge\/wp-json\/wp\/v2\/posts\/30173\/revisions"}],"wp:featuredmedia":[{"embeddable":true,"href":"https:\/\/gleg.ie\/gaeilge\/wp-json\/wp\/v2\/media\/30174"}],"wp:attachment":[{"href":"https:\/\/gleg.ie\/gaeilge\/wp-json\/wp\/v2\/media?parent=30173"}],"wp:term":[{"taxonomy":"category","embeddable":true,"href":"https:\/\/gleg.ie\/gaeilge\/wp-json\/wp\/v2\/categories?post=30173"},{"taxonomy":"post_tag","embeddable":true,"href":"https:\/\/gleg.ie\/gaeilge\/wp-json\/wp\/v2\/tags?post=30173"}],"curies":[{"name":"wp","href":"https:\/\/api.w.org\/{rel}","templated":true}]}}