{"id":30298,"date":"2026-09-02T11:11:39","date_gmt":"2026-09-02T10:11:39","guid":{"rendered":"https:\/\/gleg.ie\/?p=30298"},"modified":"2026-09-02T11:34:09","modified_gmt":"2026-09-02T10:34:09","slug":"aon-sceal-ar-ais","status":"publish","type":"post","link":"https:\/\/gleg.ie\/gaeilge\/aon-sceal-ar-ais\/","title":{"rendered":"Aon Sc\u00e9al ar ais"},"content":{"rendered":"<p class=\"wp-block-paragraph\">T\u00e1 \u2018Aon Sc\u00e9al?\u2019 ar ais sa Harbour Hotel !!<\/p>\n\n\n\n<p class=\"wp-block-paragraph\">\u2018Aon Sc\u00e9al?\u2019 is back at Harbour Hotel !!<\/p>\n\n\n\n<p class=\"wp-block-paragraph\"><img loading=\"lazy\" decoding=\"async\" height=\"16\" width=\"16\" alt=\"\ud83d\udcc6\" src=\"https:\/\/static.xx.fbcdn.net\/images\/emoji.php\/v9\/tff\/1\/16\/1f4c6.png\"> Gach C\u00e9adaoin<\/p>\n\n\n\n<p class=\"wp-block-paragraph\"><img loading=\"lazy\" decoding=\"async\" height=\"16\" width=\"16\" alt=\"\u23f0\" src=\"https:\/\/static.xx.fbcdn.net\/images\/emoji.php\/v9\/t34\/1\/16\/23f0.png\"> 19:00 \u2013 20:00<\/p>\n\n\n\n<p class=\"wp-block-paragraph\"><img loading=\"lazy\" decoding=\"async\" height=\"16\" width=\"16\" alt=\"\ud83d\udccd\" src=\"https:\/\/static.xx.fbcdn.net\/images\/emoji.php\/v9\/t2d\/1\/16\/1f4cd.png\"> Harbour Hotel Galway<\/p>\n\n\n\n<p class=\"wp-block-paragraph\">B\u00ed linn gach C\u00e9adaoin sa Harbour Hotel Galway \u00f3 19:00 \u2013 20:00 <img loading=\"lazy\" decoding=\"async\" height=\"16\" width=\"16\" alt=\"\ud83d\udc99\" src=\"https:\/\/static.xx.fbcdn.net\/images\/emoji.php\/v9\/t6c\/1\/16\/1f499.png\"><\/p>\n\n\n\n<p class=\"wp-block-paragraph\">T\u00e1 p\u00e1irce\u00e1il saor in aisce ar f\u00e1il d\u00f3ibh si\u00fad at\u00e1 ag freastal ar an imeacht (ach sp\u00e1sanna a bheith ar f\u00e1il) <\/p>\n\n\n\n<p class=\"wp-block-paragraph\">Cuirimid fearadh na f\u00e1ilte roimh fhoghlaimeoir\u00ed agus roimh dhaoine gur mhaith leo snas a chur ar a gcuid Gaeilge. Beidh m\u00edle f\u00e1ilte romhaibh! <img loading=\"lazy\" decoding=\"async\" height=\"16\" width=\"16\" alt=\"\u2728\" src=\"https:\/\/static.xx.fbcdn.net\/images\/emoji.php\/v9\/tf4\/1\/16\/2728.png\"><\/p>\n\n\n\n<p class=\"wp-block-paragraph\">**<\/p>\n\n\n\n<p class=\"wp-block-paragraph\">Join us every Wednesday in the Harbour Hotel Galway from 19:00 \u2013 20:00. <img loading=\"lazy\" decoding=\"async\" height=\"16\" width=\"16\" alt=\"\ud83d\udc99\" src=\"https:\/\/static.xx.fbcdn.net\/images\/emoji.php\/v9\/t6c\/1\/16\/1f499.png\"><\/p>\n\n\n\n<p class=\"wp-block-paragraph\">Free parking is available for all attending the event (subject to availability) <img loading=\"lazy\" decoding=\"async\" height=\"16\" width=\"16\" alt=\"\ud83d\ude97\" src=\"https:\/\/static.xx.fbcdn.net\/images\/emoji.php\/v9\/tec\/1\/16\/1f697.png\"><\/p>\n\n\n\n<p class=\"wp-block-paragraph\">Open to all levels! Whether you\u2019re just starting out or looking to polish up your Gaeilge, t\u00e1 m\u00edle f\u00e1ilte romhat! <img loading=\"lazy\" decoding=\"async\" height=\"16\" width=\"16\" alt=\"\u2728\" src=\"https:\/\/static.xx.fbcdn.net\/images\/emoji.php\/v9\/tf4\/1\/16\/2728.png\"><\/p>\n\n\n\n<p class=\"wp-block-paragraph\">RSVP &#8211; eolas@gleg.ie <\/p>\n\n\n\n<figure class=\"wp-block-image size-medium\"><img loading=\"lazy\" decoding=\"async\" width=\"300\" height=\"300\" src=\"https:\/\/gleg.ie\/wp-content\/uploads\/2024\/10\/Aon-Sceal-gach-Ceadaoin-ginearalta-gan-data-300x300.png\" alt=\"\" class=\"wp-image-28900\"\/><\/figure>","protected":false},"excerpt":{"rendered":"<p>T\u00e1 \u2018Aon Sc\u00e9al?\u2019 ar ais sa Harbour Hotel !! \u2018Aon Sc\u00e9al?\u2019 is back at Harbour Hotel !! Gach C\u00e9adaoin 19:00 \u2013 20:00 Harbour Hotel Galway B\u00ed linn gach C\u00e9adaoin sa Harbour Hotel Galway \u00f3 19:00 \u2013 20:00 T\u00e1 p\u00e1irce\u00e1il saor in aisce ar f\u00e1il d\u00f3ibh si\u00fad at\u00e1 ag freastal ar an imeacht (ach sp\u00e1sanna a [&hellip;]<\/p>\n","protected":false},"author":9,"featured_media":28900,"comment_status":"open","ping_status":"open","sticky":false,"template":"","format":"standard","meta":{"_acf_changed":false,"_et_pb_use_builder":"off","_et_pb_old_content":"","_et_gb_content_width":"","footnotes":""},"categories":[31,47,1],"tags":[],"class_list":["post-30298","post","type-post","status-publish","format-standard","has-post-thumbnail","hentry","category-events","category-plean-teanga","category-uncategorized"],"acf":[],"yoast_head":"<!-- This site is optimized with the Yoast SEO plugin v28.4 - https:\/\/yoast.com\/product\/yoast-seo-wordpress\/ -->\n<title>Aon Sc\u00e9al ar ais - Gaillimh Le Gaeilge<\/title>\n<meta name=\"robots\" content=\"index, follow, max-snippet:-1, max-image-preview:large, max-video-preview:-1\" \/>\n<link rel=\"canonical\" href=\"https:\/\/gleg.ie\/gaeilge\/aon-sceal-ar-ais\/\" \/>\n<meta property=\"og:locale\" content=\"ga_IE\" \/>\n<meta property=\"og:type\" content=\"article\" \/>\n<meta property=\"og:title\" content=\"Aon Sc\u00e9al ar ais - Gaillimh Le Gaeilge\" \/>\n<meta property=\"og:description\" content=\"T\u00e1 \u2018Aon Sc\u00e9al?\u2019 ar ais sa Harbour Hotel !! \u2018Aon Sc\u00e9al?\u2019 is back at Harbour Hotel !! Gach C\u00e9adaoin 19:00 \u2013 20:00 Harbour Hotel Galway B\u00ed linn gach C\u00e9adaoin sa Harbour Hotel Galway \u00f3 19:00 \u2013 20:00 T\u00e1 p\u00e1irce\u00e1il saor in aisce ar f\u00e1il d\u00f3ibh si\u00fad at\u00e1 ag freastal ar an imeacht (ach sp\u00e1sanna a [&hellip;]\" \/>\n<meta property=\"og:url\" content=\"https:\/\/gleg.ie\/gaeilge\/aon-sceal-ar-ais\/\" \/>\n<meta property=\"og:site_name\" content=\"Gaillimh Le Gaeilge\" \/>\n<meta property=\"article:published_time\" content=\"2026-09-02T10:11:39+00:00\" \/>\n<meta property=\"article:modified_time\" content=\"2026-09-02T10:34:09+00:00\" \/>\n<meta property=\"og:image\" content=\"https:\/\/gleg.ie\/wp-content\/uploads\/2024\/10\/Aon-Sceal-gach-Ceadaoin-ginearalta-gan-data.png\" \/>\n\t<meta property=\"og:image:width\" content=\"1080\" \/>\n\t<meta property=\"og:image:height\" content=\"1080\" \/>\n\t<meta property=\"og:image:type\" content=\"image\/png\" \/>\n<meta name=\"author\" content=\"Gearoidin Hynes\" \/>\n<meta name=\"twitter:card\" content=\"summary_large_image\" \/>\n<meta name=\"twitter:label1\" content=\"Written by\" \/>\n\t<meta name=\"twitter:data1\" content=\"Gearoidin Hynes\" \/>\n\t<meta name=\"twitter:label2\" content=\"Est. reading time\" \/>\n\t<meta name=\"twitter:data2\" content=\"3 minutes\" \/>\n<script type=\"application\/ld+json\" class=\"yoast-schema-graph\">{\"@context\":\"https:\\\/\\\/schema.org\",\"@graph\":[{\"@type\":\"Article\",\"@id\":\"https:\\\/\\\/gleg.ie\\\/aon-sceal-ar-ais\\\/#article\",\"isPartOf\":{\"@id\":\"https:\\\/\\\/gleg.ie\\\/aon-sceal-ar-ais\\\/\"},\"author\":{\"name\":\"Gearoidin Hynes\",\"@id\":\"https:\\\/\\\/gleg.ie\\\/#\\\/schema\\\/person\\\/4854a63d041e654c144c259f1e6f8711\"},\"headline\":\"Aon Sc\u00e9al ar ais\",\"datePublished\":\"2026-09-02T10:11:39+00:00\",\"dateModified\":\"2026-09-02T10:34:09+00:00\",\"mainEntityOfPage\":{\"@id\":\"https:\\\/\\\/gleg.ie\\\/aon-sceal-ar-ais\\\/\"},\"wordCount\":141,\"commentCount\":0,\"image\":{\"@id\":\"https:\\\/\\\/gleg.ie\\\/aon-sceal-ar-ais\\\/#primaryimage\"},\"thumbnailUrl\":\"https:\\\/\\\/gleg.ie\\\/wp-content\\\/uploads\\\/2024\\\/10\\\/Aon-Sceal-gach-Ceadaoin-ginearalta-gan-data.png\",\"articleSection\":[\"Events\",\"Plean Teanga\",\"uncategorized\"],\"inLanguage\":\"ga-IE\",\"potentialAction\":[{\"@type\":\"CommentAction\",\"name\":\"Comment\",\"target\":[\"https:\\\/\\\/gleg.ie\\\/aon-sceal-ar-ais\\\/#respond\"]}]},{\"@type\":\"WebPage\",\"@id\":\"https:\\\/\\\/gleg.ie\\\/aon-sceal-ar-ais\\\/\",\"url\":\"https:\\\/\\\/gleg.ie\\\/aon-sceal-ar-ais\\\/\",\"name\":\"Aon Sc\u00e9al ar ais - Gaillimh Le Gaeilge\",\"isPartOf\":{\"@id\":\"https:\\\/\\\/gleg.ie\\\/#website\"},\"primaryImageOfPage\":{\"@id\":\"https:\\\/\\\/gleg.ie\\\/aon-sceal-ar-ais\\\/#primaryimage\"},\"image\":{\"@id\":\"https:\\\/\\\/gleg.ie\\\/aon-sceal-ar-ais\\\/#primaryimage\"},\"thumbnailUrl\":\"https:\\\/\\\/gleg.ie\\\/wp-content\\\/uploads\\\/2024\\\/10\\\/Aon-Sceal-gach-Ceadaoin-ginearalta-gan-data.png\",\"datePublished\":\"2026-09-02T10:11:39+00:00\",\"dateModified\":\"2026-09-02T10:34:09+00:00\",\"author\":{\"@id\":\"https:\\\/\\\/gleg.ie\\\/#\\\/schema\\\/person\\\/4854a63d041e654c144c259f1e6f8711\"},\"breadcrumb\":{\"@id\":\"https:\\\/\\\/gleg.ie\\\/aon-sceal-ar-ais\\\/#breadcrumb\"},\"inLanguage\":\"ga-IE\",\"potentialAction\":[{\"@type\":\"ReadAction\",\"target\":[\"https:\\\/\\\/gleg.ie\\\/aon-sceal-ar-ais\\\/\"]}]},{\"@type\":\"ImageObject\",\"inLanguage\":\"ga-IE\",\"@id\":\"https:\\\/\\\/gleg.ie\\\/aon-sceal-ar-ais\\\/#primaryimage\",\"url\":\"https:\\\/\\\/gleg.ie\\\/wp-content\\\/uploads\\\/2024\\\/10\\\/Aon-Sceal-gach-Ceadaoin-ginearalta-gan-data.png\",\"contentUrl\":\"https:\\\/\\\/gleg.ie\\\/wp-content\\\/uploads\\\/2024\\\/10\\\/Aon-Sceal-gach-Ceadaoin-ginearalta-gan-data.png\",\"width\":1080,\"height\":1080},{\"@type\":\"BreadcrumbList\",\"@id\":\"https:\\\/\\\/gleg.ie\\\/aon-sceal-ar-ais\\\/#breadcrumb\",\"itemListElement\":[{\"@type\":\"ListItem\",\"position\":1,\"name\":\"Home\",\"item\":\"https:\\\/\\\/gleg.ie\\\/english\\\/\"},{\"@type\":\"ListItem\",\"position\":2,\"name\":\"Aon Sc\u00e9al ar ais\"}]},{\"@type\":\"WebSite\",\"@id\":\"https:\\\/\\\/gleg.ie\\\/#website\",\"url\":\"https:\\\/\\\/gleg.ie\\\/\",\"name\":\"Gaillimh Le Gaeilge\",\"description\":\"Gaillimh le Gaeilge, An Ghaeilge i nGaillimh, Irish language and culture in Galway, Gaeilge sa Ghn\u00f3, Irish in Business\",\"potentialAction\":[{\"@type\":\"SearchAction\",\"target\":{\"@type\":\"EntryPoint\",\"urlTemplate\":\"https:\\\/\\\/gleg.ie\\\/?s={search_term_string}\"},\"query-input\":{\"@type\":\"PropertyValueSpecification\",\"valueRequired\":true,\"valueName\":\"search_term_string\"}}],\"inLanguage\":\"ga-IE\"},{\"@type\":\"Person\",\"@id\":\"https:\\\/\\\/gleg.ie\\\/#\\\/schema\\\/person\\\/4854a63d041e654c144c259f1e6f8711\",\"name\":\"Gearoidin Hynes\",\"image\":{\"@type\":\"ImageObject\",\"inLanguage\":\"ga-IE\",\"@id\":\"https:\\\/\\\/secure.gravatar.com\\\/avatar\\\/37955fa00a01df957233031eca30f8b2db2cbb99f8e15f147db43919e6bd374c?s=96&d=mm&r=g\",\"url\":\"https:\\\/\\\/secure.gravatar.com\\\/avatar\\\/37955fa00a01df957233031eca30f8b2db2cbb99f8e15f147db43919e6bd374c?s=96&d=mm&r=g\",\"contentUrl\":\"https:\\\/\\\/secure.gravatar.com\\\/avatar\\\/37955fa00a01df957233031eca30f8b2db2cbb99f8e15f147db43919e6bd374c?s=96&d=mm&r=g\",\"caption\":\"Gearoidin Hynes\"},\"url\":\"https:\\\/\\\/gleg.ie\\\/gaeilge\\\/author\\\/gearoidin\\\/\"}]}<\/script>\n<!-- \/ Yoast SEO plugin. -->","yoast_head_json":{"title":"Aon Sc\u00e9al ar ais - Gaillimh Le Gaeilge","robots":{"index":"index","follow":"follow","max-snippet":"max-snippet:-1","max-image-preview":"max-image-preview:large","max-video-preview":"max-video-preview:-1"},"canonical":"https:\/\/gleg.ie\/gaeilge\/aon-sceal-ar-ais\/","og_locale":"ga_IE","og_type":"article","og_title":"Aon Sc\u00e9al ar ais - Gaillimh Le Gaeilge","og_description":"T\u00e1 \u2018Aon Sc\u00e9al?\u2019 ar ais sa Harbour Hotel !! \u2018Aon Sc\u00e9al?\u2019 is back at Harbour Hotel !! Gach C\u00e9adaoin 19:00 \u2013 20:00 Harbour Hotel Galway B\u00ed linn gach C\u00e9adaoin sa Harbour Hotel Galway \u00f3 19:00 \u2013 20:00 T\u00e1 p\u00e1irce\u00e1il saor in aisce ar f\u00e1il d\u00f3ibh si\u00fad at\u00e1 ag freastal ar an imeacht (ach sp\u00e1sanna a [&hellip;]","og_url":"https:\/\/gleg.ie\/gaeilge\/aon-sceal-ar-ais\/","og_site_name":"Gaillimh Le Gaeilge","article_published_time":"2026-09-02T10:11:39+00:00","article_modified_time":"2026-09-02T10:34:09+00:00","og_image":[{"width":1080,"height":1080,"url":"https:\/\/gleg.ie\/wp-content\/uploads\/2024\/10\/Aon-Sceal-gach-Ceadaoin-ginearalta-gan-data.png","type":"image\/png"}],"author":"Gearoidin Hynes","twitter_card":"summary_large_image","twitter_misc":{"Written by":"Gearoidin Hynes","Est. reading time":"3 minutes"},"schema":{"@context":"https:\/\/schema.org","@graph":[{"@type":"Article","@id":"https:\/\/gleg.ie\/aon-sceal-ar-ais\/#article","isPartOf":{"@id":"https:\/\/gleg.ie\/aon-sceal-ar-ais\/"},"author":{"name":"Gearoidin Hynes","@id":"https:\/\/gleg.ie\/#\/schema\/person\/4854a63d041e654c144c259f1e6f8711"},"headline":"Aon Sc\u00e9al ar ais","datePublished":"2026-09-02T10:11:39+00:00","dateModified":"2026-09-02T10:34:09+00:00","mainEntityOfPage":{"@id":"https:\/\/gleg.ie\/aon-sceal-ar-ais\/"},"wordCount":141,"commentCount":0,"image":{"@id":"https:\/\/gleg.ie\/aon-sceal-ar-ais\/#primaryimage"},"thumbnailUrl":"https:\/\/gleg.ie\/wp-content\/uploads\/2024\/10\/Aon-Sceal-gach-Ceadaoin-ginearalta-gan-data.png","articleSection":["Events","Plean Teanga","uncategorized"],"inLanguage":"ga-IE","potentialAction":[{"@type":"CommentAction","name":"Comment","target":["https:\/\/gleg.ie\/aon-sceal-ar-ais\/#respond"]}]},{"@type":"WebPage","@id":"https:\/\/gleg.ie\/aon-sceal-ar-ais\/","url":"https:\/\/gleg.ie\/aon-sceal-ar-ais\/","name":"Aon Sc\u00e9al ar ais - Gaillimh Le Gaeilge","isPartOf":{"@id":"https:\/\/gleg.ie\/#website"},"primaryImageOfPage":{"@id":"https:\/\/gleg.ie\/aon-sceal-ar-ais\/#primaryimage"},"image":{"@id":"https:\/\/gleg.ie\/aon-sceal-ar-ais\/#primaryimage"},"thumbnailUrl":"https:\/\/gleg.ie\/wp-content\/uploads\/2024\/10\/Aon-Sceal-gach-Ceadaoin-ginearalta-gan-data.png","datePublished":"2026-09-02T10:11:39+00:00","dateModified":"2026-09-02T10:34:09+00:00","author":{"@id":"https:\/\/gleg.ie\/#\/schema\/person\/4854a63d041e654c144c259f1e6f8711"},"breadcrumb":{"@id":"https:\/\/gleg.ie\/aon-sceal-ar-ais\/#breadcrumb"},"inLanguage":"ga-IE","potentialAction":[{"@type":"ReadAction","target":["https:\/\/gleg.ie\/aon-sceal-ar-ais\/"]}]},{"@type":"ImageObject","inLanguage":"ga-IE","@id":"https:\/\/gleg.ie\/aon-sceal-ar-ais\/#primaryimage","url":"https:\/\/gleg.ie\/wp-content\/uploads\/2024\/10\/Aon-Sceal-gach-Ceadaoin-ginearalta-gan-data.png","contentUrl":"https:\/\/gleg.ie\/wp-content\/uploads\/2024\/10\/Aon-Sceal-gach-Ceadaoin-ginearalta-gan-data.png","width":1080,"height":1080},{"@type":"BreadcrumbList","@id":"https:\/\/gleg.ie\/aon-sceal-ar-ais\/#breadcrumb","itemListElement":[{"@type":"ListItem","position":1,"name":"Home","item":"https:\/\/gleg.ie\/english\/"},{"@type":"ListItem","position":2,"name":"Aon Sc\u00e9al ar ais"}]},{"@type":"WebSite","@id":"https:\/\/gleg.ie\/#website","url":"https:\/\/gleg.ie\/","name":"Gaillimh Le Gaeilge","description":"Gaillimh le Gaeilge, An Ghaeilge i nGaillimh, Irish language and culture in Galway, Gaeilge sa Ghn\u00f3, Irish in Business","potentialAction":[{"@type":"SearchAction","target":{"@type":"EntryPoint","urlTemplate":"https:\/\/gleg.ie\/?s={search_term_string}"},"query-input":{"@type":"PropertyValueSpecification","valueRequired":true,"valueName":"search_term_string"}}],"inLanguage":"ga-IE"},{"@type":"Person","@id":"https:\/\/gleg.ie\/#\/schema\/person\/4854a63d041e654c144c259f1e6f8711","name":"Gearoidin Hynes","image":{"@type":"ImageObject","inLanguage":"ga-IE","@id":"https:\/\/secure.gravatar.com\/avatar\/37955fa00a01df957233031eca30f8b2db2cbb99f8e15f147db43919e6bd374c?s=96&d=mm&r=g","url":"https:\/\/secure.gravatar.com\/avatar\/37955fa00a01df957233031eca30f8b2db2cbb99f8e15f147db43919e6bd374c?s=96&d=mm&r=g","contentUrl":"https:\/\/secure.gravatar.com\/avatar\/37955fa00a01df957233031eca30f8b2db2cbb99f8e15f147db43919e6bd374c?s=96&d=mm&r=g","caption":"Gearoidin Hynes"},"url":"https:\/\/gleg.ie\/gaeilge\/author\/gearoidin\/"}]}},"featured_image_src":"https:\/\/gleg.ie\/wp-content\/uploads\/2024\/10\/Aon-Sceal-gach-Ceadaoin-ginearalta-gan-data-600x400.png","featured_image_src_square":"https:\/\/gleg.ie\/wp-content\/uploads\/2024\/10\/Aon-Sceal-gach-Ceadaoin-ginearalta-gan-data-600x600.png","author_info":{"display_name":"Gearoidin Hynes","author_link":"https:\/\/gleg.ie\/gaeilge\/author\/gearoidin\/"},"_links":{"self":[{"href":"https:\/\/gleg.ie\/gaeilge\/wp-json\/wp\/v2\/posts\/30298","targetHints":{"allow":["GET"]}}],"collection":[{"href":"https:\/\/gleg.ie\/gaeilge\/wp-json\/wp\/v2\/posts"}],"about":[{"href":"https:\/\/gleg.ie\/gaeilge\/wp-json\/wp\/v2\/types\/post"}],"author":[{"embeddable":true,"href":"https:\/\/gleg.ie\/gaeilge\/wp-json\/wp\/v2\/users\/9"}],"replies":[{"embeddable":true,"href":"https:\/\/gleg.ie\/gaeilge\/wp-json\/wp\/v2\/comments?post=30298"}],"version-history":[{"count":3,"href":"https:\/\/gleg.ie\/gaeilge\/wp-json\/wp\/v2\/posts\/30298\/revisions"}],"predecessor-version":[{"id":30302,"href":"https:\/\/gleg.ie\/gaeilge\/wp-json\/wp\/v2\/posts\/30298\/revisions\/30302"}],"wp:featuredmedia":[{"embeddable":true,"href":"https:\/\/gleg.ie\/gaeilge\/wp-json\/wp\/v2\/media\/28900"}],"wp:attachment":[{"href":"https:\/\/gleg.ie\/gaeilge\/wp-json\/wp\/v2\/media?parent=30298"}],"wp:term":[{"taxonomy":"category","embeddable":true,"href":"https:\/\/gleg.ie\/gaeilge\/wp-json\/wp\/v2\/categories?post=30298"},{"taxonomy":"post_tag","embeddable":true,"href":"https:\/\/gleg.ie\/gaeilge\/wp-json\/wp\/v2\/tags?post=30298"}],"curies":[{"name":"wp","href":"https:\/\/api.w.org\/{rel}","templated":true}]}}